{"id":4658,"date":"2024-07-11T10:56:21","date_gmt":"2024-07-11T08:56:21","guid":{"rendered":"https:\/\/www.bestwestern-vannescentre.com\/?p=4658"},"modified":"2024-07-11T11:15:43","modified_gmt":"2024-07-11T09:15:43","slug":"unsere-seminarraume-haben-sich-schon-gemacht","status":"publish","type":"post","link":"https:\/\/www.bestwestern-vannescentre.com\/de\/unsere-seminarraume-haben-sich-schon-gemacht\/","title":{"rendered":"Unsere Seminarr\u00e4ume haben sich herausgeputzt!"},"content":{"rendered":"<div data-elementor-type=\"wp-post\" data-elementor-id=\"4658\" class=\"elementor elementor-4658\" data-elementor-post-type=\"post\">\n\t\t\t\t<div class=\"elementor-element elementor-element-310d43b9 e-flex e-con-boxed e-con e-parent\" data-id=\"310d43b9\" data-element_type=\"container\">\n\t\t\t\t\t<div class=\"e-con-inner\">\n\t\t\t\t<div class=\"elementor-element elementor-element-197b2f54 elementor-widget elementor-widget-text-editor\" data-id=\"197b2f54\" data-element_type=\"widget\" data-widget_type=\"text-editor.default\">\n\t\t\t\t<div class=\"elementor-widget-container\">\n\t\t\t\t\t\t\t\t\t<p>Die Saison der Firmenveranstaltungen ist wieder da. Dies ist die ideale Gelegenheit, unsere R\u00e4ume (wieder) zu entdecken.<\/p><p>Und raten Sie mal, was? Wir haben etwas Neues zu verk\u00fcnden!<\/p><p>\u00a0<\/p><p>L'<strong>hotel Best Western Plus Vannes Centre<\/strong>\u00a0ist stolz darauf, Ihnen die umfangreiche Renovierung seiner\u00a0<strong><a title=\"Seminarr\u00e4ume Vannes\" href=\"https:\/\/www.seminaire-vannes.com\/fr\/\" target=\"_blank\" rel=\"noopener noreferrer nofollow\">Seminarr\u00e4ume<\/a><\/strong>. Diese Renovierung zeugt von unserem st\u00e4ndigen Engagement, Dienstleistungen von h\u00f6chster Qualit\u00e4t zu erbringen und den sich \u00e4ndernden Bed\u00fcrfnissen von Fachleuten, die auf der Suche nach<strong>R\u00e4ume<\/strong>\u00a0<strong>modern<\/strong>\u00a0und funktional f\u00fcr ihre\u00a0<strong>Veranstaltungen in Morbihan<\/strong>.<\/p><p>\u00a0<\/p><h2 class=\"content_cms\">Renovierte Seminarr\u00e4ume in Vannes Centre<\/h2><p>Unsere\u00a0<strong>renovierte Seminarr\u00e4ume<\/strong>\u00a0und sorgf\u00e4ltig dekoriert sind, bieten Ihnen einen modernen und funktionalen Rahmen f\u00fcr Ihre Veranstaltungen am Golf von Morbihan.<\/p><p>\u00a0<\/p><p><strong><em>Ein Umfeld, das Kreativit\u00e4t, Zusammenarbeit und Produktivit\u00e4t f\u00f6rdert...<\/em><\/strong><\/p><p>\u00a0<\/p><p>Ob f\u00fcr Gesch\u00e4ftstreffen, Konferenzen, Schulungen oder\u00a0<strong>Seminare in Vannes<\/strong>Wir bem\u00fchen uns, Ihnen R\u00e4ume zur Verf\u00fcgung zu stellen, die alle Ihre Erwartungen erf\u00fcllen. Sie werden auch Verbesserungen in unseren Sanit\u00e4ranlagen entdecken, die komplett renoviert wurden.<\/p><p>\u00a0<\/p><p><strong><em>F\u00fcr einen Studientag in Vannes nutzen Sie unser Hotel &amp; kontaktieren Sie unsere Verkaufsabteilung, um einen Kostenvoranschlag zu erhalten.<\/em><\/strong><\/p><p><strong><a href=\"mailto:commercial@bestwestern-vannescentre.com\"><em>commercial@bestwestern-vannescentre.com<\/em><\/a><\/strong><\/p><p>\u00a0<\/p><p>Die R\u00e4ume sind ausgestattet mit\u00a0<strong>ergonomische M\u00f6bel<\/strong>Alle Zimmer verf\u00fcgen \u00fcber nat\u00fcrliches Licht und sind mit einer individuell regulierbaren Klimaanlage ausgestattet, um Ihnen ein angenehmes Erlebnis zu bieten. Au\u00dferdem steht Ihnen im gesamten Raum ein Highspeed-Wi-Fi-Zugang zur Verf\u00fcgung.<\/p><p>Wir freuen uns wirklich sehr, Ihnen\u00a0<strong>neue Seminarr\u00e4ume in Vannes<\/strong>.<\/p>\t\t\t\t\t\t\t\t<\/div>\n\t\t\t\t<\/div>\n\t\t\t\t<div class=\"elementor-element elementor-element-a8e03c3 elementor-widget__width-initial elementor-widget elementor-widget-image\" data-id=\"a8e03c3\" data-element_type=\"widget\" data-widget_type=\"image.default\">\n\t\t\t\t<div class=\"elementor-widget-container\">\n\t\t\t\t\t\t\t\t\t\t\t\t\t\t\t<img fetchpriority=\"high\" decoding=\"async\" width=\"1640\" height=\"924\" src=\"https:\/\/www.bestwestern-vannescentre.com\/wp-content\/uploads\/2024\/07\/Chambre-duplex-familiale-hotel-vannes-centre.png\" class=\"attachment-full size-full wp-image-4654\" alt=\"\" srcset=\"https:\/\/www.bestwestern-vannescentre.com\/wp-content\/uploads\/2024\/07\/Chambre-duplex-familiale-hotel-vannes-centre.png 1640w, https:\/\/www.bestwestern-vannescentre.com\/wp-content\/uploads\/2024\/07\/Chambre-duplex-familiale-hotel-vannes-centre-300x169.png 300w, https:\/\/www.bestwestern-vannescentre.com\/wp-content\/uploads\/2024\/07\/Chambre-duplex-familiale-hotel-vannes-centre-1024x577.png 1024w, https:\/\/www.bestwestern-vannescentre.com\/wp-content\/uploads\/2024\/07\/Chambre-duplex-familiale-hotel-vannes-centre-768x433.png 768w, https:\/\/www.bestwestern-vannescentre.com\/wp-content\/uploads\/2024\/07\/Chambre-duplex-familiale-hotel-vannes-centre-1536x865.png 1536w, https:\/\/www.bestwestern-vannescentre.com\/wp-content\/uploads\/2024\/07\/Chambre-duplex-familiale-hotel-vannes-centre-18x10.png 18w\" sizes=\"(max-width: 1640px) 100vw, 1640px\" title=\"\">\t\t\t\t\t\t\t\t\t\t\t\t\t\t\t<\/div>\n\t\t\t\t<\/div>\n\t\t\t\t<div class=\"elementor-element elementor-element-2404a3e elementor-widget elementor-widget-text-editor\" data-id=\"2404a3e\" data-element_type=\"widget\" data-widget_type=\"text-editor.default\">\n\t\t\t\t<div class=\"elementor-widget-container\">\n\t\t\t\t\t\t\t\t\t<h3 class=\"content_cms\"><strong>Ein eigener Bereich f\u00fcr Ihre Pausen<\/strong><\/h3><p>Wir sind auch dabei, eine\u00a0<strong>Pausenraum<\/strong>\u00a0in unseren\u00a0<strong><a title=\"Seminarr\u00e4ume Ventile\" href=\"https:\/\/www.bestwestern-vannescentre.com\/de\/seminaires-vannes.html\/\" target=\"_blank\" rel=\"noopener noreferrer\">Seminarr\u00e4ume<\/a><\/strong>Sie k\u00f6nnen sich auch in einem anderen Raum aufhalten, damit Sie wirklich abschalten k\u00f6nnen.<\/p><p>Der Raum wird mit bequemen Sesseln ausgestattet sein... hei\u00dfe und erfrischende Getr\u00e4nke sowie Snacks werden Ihnen zur Verf\u00fcgung stehen... Eine Umgebung, die Entspannung und Geselligkeit f\u00f6rdert, damit Sie wieder Ihre\u00a0<strong>berufliche T\u00e4tigkeiten<\/strong>\u00a0mit Energie und Konzentration.<\/p><p>\u00a0<\/p><h2 class=\"content_cms\">Ein ma\u00dfgeschneidertes Essensangebot<\/h2><p>Das Team des Restaurants\u00a0<a title=\"bar restaurant vannes centre\" href=\"https:\/\/www.bestwestern-vannescentre.com\/de\/restaurant-vannes.html\/\" target=\"_blank\" rel=\"noopener noreferrer\">C\u00f4t\u00e9 Patio<\/a>\u00a0in Vannes steht Ihnen zur Verf\u00fcgung und erarbeitet\u00a0<strong>angepasste Gruppenmen\u00fcs<\/strong>\u00a0<strong>auf Ihre Bed\u00fcrfnisse<\/strong>\u00a0und Budget. Von einer entspannten bis hin zu einer formellen Atmosph\u00e4re nach einem anstrengenden Tag ist dies der ideale Ort, um Ihre Mitarbeiter zusammenzubringen und ein gutes Essen zu genie\u00dfen. Unser Restaurant C\u00f4t\u00e9 Patio empf\u00e4ngt Sie f\u00fcr alle Ihre Veranstaltungen\u00a0<strong><a title=\"Gruppenmahlzeit in Vannes\" href=\"https:\/\/www.bestwestern-vannescentre.com\/de\/FR\/actus\/restaurant-groupe-a-vannes-63.html\/\" target=\"_blank\" rel=\"noopener noreferrer\">Gruppenmahlzeit in Vannes<\/a><\/strong>.<\/p><p>\u00a0<\/p>\t\t\t\t\t\t\t\t<\/div>\n\t\t\t\t<\/div>\n\t\t\t\t<div class=\"elementor-element elementor-element-359f0ca elementor-widget__width-initial elementor-widget elementor-widget-image\" data-id=\"359f0ca\" data-element_type=\"widget\" data-widget_type=\"image.default\">\n\t\t\t\t<div class=\"elementor-widget-container\">\n\t\t\t\t\t\t\t\t\t\t\t\t\t\t\t<img decoding=\"async\" width=\"1746\" height=\"614\" src=\"https:\/\/www.bestwestern-vannescentre.com\/wp-content\/uploads\/2024\/07\/Restaurant-Cote-Patio-Vannes-Centre-resto-avec-terrasse-1.png\" class=\"attachment-full size-full wp-image-4661\" alt=\"\" srcset=\"https:\/\/www.bestwestern-vannescentre.com\/wp-content\/uploads\/2024\/07\/Restaurant-Cote-Patio-Vannes-Centre-resto-avec-terrasse-1.png 1746w, https:\/\/www.bestwestern-vannescentre.com\/wp-content\/uploads\/2024\/07\/Restaurant-Cote-Patio-Vannes-Centre-resto-avec-terrasse-1-300x105.png 300w, https:\/\/www.bestwestern-vannescentre.com\/wp-content\/uploads\/2024\/07\/Restaurant-Cote-Patio-Vannes-Centre-resto-avec-terrasse-1-1024x360.png 1024w, https:\/\/www.bestwestern-vannescentre.com\/wp-content\/uploads\/2024\/07\/Restaurant-Cote-Patio-Vannes-Centre-resto-avec-terrasse-1-768x270.png 768w, https:\/\/www.bestwestern-vannescentre.com\/wp-content\/uploads\/2024\/07\/Restaurant-Cote-Patio-Vannes-Centre-resto-avec-terrasse-1-1536x540.png 1536w, https:\/\/www.bestwestern-vannescentre.com\/wp-content\/uploads\/2024\/07\/Restaurant-Cote-Patio-Vannes-Centre-resto-avec-terrasse-1-18x6.png 18w\" sizes=\"(max-width: 1746px) 100vw, 1746px\" title=\"\">\t\t\t\t\t\t\t\t\t\t\t\t\t\t\t<\/div>\n\t\t\t\t<\/div>\n\t\t\t\t<div class=\"elementor-element elementor-element-da3ef1e elementor-widget elementor-widget-text-editor\" data-id=\"da3ef1e\" data-element_type=\"widget\" data-widget_type=\"text-editor.default\">\n\t\t\t\t<div class=\"elementor-widget-container\">\n\t\t\t\t\t\t\t\t\t<p>L'<a title=\"hotel Best Western Plus Vannes Centre\" href=\"https:\/\/www.bestwestern-vannescentre.com\/de\/services-hotel-vannes.html\/\">hotel Best Western Plus Vannes Centre<\/a>\u00a0ist bereit, Sie in seinen renovierten R\u00e4umen zu empfangen, um\u00a0<strong>Seminar in Vannes<\/strong>Sie k\u00f6nnen sich auch an die von Ihnen gew\u00e4hlte Sprache erinnern, um erfolgreiche und unvergessliche Veranstaltungen zu organisieren.<\/p><p>Kontaktieren Sie uns jetzt, um Ihre n\u00e4chsten\u00a0<strong>Berufsveranstaltungen<\/strong>\u00a0und lernen Sie unsere neuen Einrichtungen kennen.<\/p><p>\u00a0<\/p><h2 class=\"content_cms\">Ein brandneues Hotel nach den j\u00fcngsten Renovierungsarbeiten<\/h2><p>Nicht nur unsere Seminarr\u00e4ume haben von Verbesserungen profitiert.<\/p><p>In den letzten zwei Jahren hat vieles einen\u00a0<strong><a title=\"renovierungen und neugestaltung von terrassen und balkonen hotel vannes\" href=\"https:\/\/www.bestwestern-vannescentre.com\/de\/FR\/actus\/votre-chambre-d-hotel-avec-terrasse-ou-balcon-a-vannes-236.html\/\">Renovierungen im Best Western Plus Vannes Centre-ville<\/a><\/strong>\u00a0: Fassade, Restaurant, Terrasse &amp; Patio, Bettw\u00e4sche, Badezimmer, Klimaanlage, Balkone und Terrassen der Zimmer, Seminarr\u00e4ume... alles war dabei!<\/p>\t\t\t\t\t\t\t\t<\/div>\n\t\t\t\t<\/div>\n\t\t\t\t<div class=\"elementor-element elementor-element-5ef9430 elementor-widget__width-initial elementor-widget elementor-widget-image\" data-id=\"5ef9430\" data-element_type=\"widget\" data-widget_type=\"image.default\">\n\t\t\t\t<div class=\"elementor-widget-container\">\n\t\t\t\t\t\t\t\t\t\t\t\t\t\t\t<img fetchpriority=\"high\" decoding=\"async\" width=\"1640\" height=\"924\" src=\"https:\/\/www.bestwestern-vannescentre.com\/wp-content\/uploads\/2024\/07\/Chambre-duplex-familiale-hotel-vannes-centre.png\" class=\"attachment-full size-full wp-image-4654\" alt=\"\" srcset=\"https:\/\/www.bestwestern-vannescentre.com\/wp-content\/uploads\/2024\/07\/Chambre-duplex-familiale-hotel-vannes-centre.png 1640w, https:\/\/www.bestwestern-vannescentre.com\/wp-content\/uploads\/2024\/07\/Chambre-duplex-familiale-hotel-vannes-centre-300x169.png 300w, https:\/\/www.bestwestern-vannescentre.com\/wp-content\/uploads\/2024\/07\/Chambre-duplex-familiale-hotel-vannes-centre-1024x577.png 1024w, https:\/\/www.bestwestern-vannescentre.com\/wp-content\/uploads\/2024\/07\/Chambre-duplex-familiale-hotel-vannes-centre-768x433.png 768w, https:\/\/www.bestwestern-vannescentre.com\/wp-content\/uploads\/2024\/07\/Chambre-duplex-familiale-hotel-vannes-centre-1536x865.png 1536w, https:\/\/www.bestwestern-vannescentre.com\/wp-content\/uploads\/2024\/07\/Chambre-duplex-familiale-hotel-vannes-centre-18x10.png 18w\" sizes=\"(max-width: 1640px) 100vw, 1640px\" title=\"\">\t\t\t\t\t\t\t\t\t\t\t\t\t\t\t<\/div>\n\t\t\t\t<\/div>\n\t\t\t\t<div class=\"elementor-element elementor-element-c885f90 elementor-widget elementor-widget-text-editor\" data-id=\"c885f90\" data-element_type=\"widget\" data-widget_type=\"text-editor.default\">\n\t\t\t\t<div class=\"elementor-widget-container\">\n\t\t\t\t\t\t\t\t\t<h3 class=\"content_cms\">Ein neues 4-Sterne-Hotel in Vannes<\/h3><p>Vollst\u00e4ndig renoviert ist unser\u00a0<strong>hotel restaurant Vannes\u00a0<\/strong>freut sich darauf, Sie in einer warmen, tropisch anmutenden Atmosph\u00e4re zu begr\u00fc\u00dfen. Ideal gelegen im Stadtzentrum der Stadt Vannetaise, werden Sie das Vergn\u00fcgen haben, von unserem\u00a0<strong>begr\u00fcnter Innenhof<\/strong>\u00a0um ein Aperitifbrett zu genie\u00dfen, begleitet von unserem\u00a0<a title=\"Cocktail des Monats\" href=\"https:\/\/www.bestwestern-vannescentre.com\/de\/actus\/le-cocktail-du-mois-206.html\/\" target=\"_blank\" rel=\"noopener noreferrer\">Cocktail des Monats<\/a>.<\/p><p>Unsere\u00a0<a href=\"https:\/\/www.bestwestern-vannescentre.com\/de\/chambre-vannes.html\/\"><strong>Hotelzimmer mit Balkon und Terrasse in Vannes<\/strong><\/a>\u00a0Die ger\u00e4umigen und komfortablen Zimmer werden Ihr bester Verb\u00fcndeter f\u00fcr eine erholsame Nacht sein.\u00a0<strong>den Golf von Morbihan entdecken<\/strong>\u00a0mit all der Energie, die Sie brauchen!\u00a0<\/p><p>Ein Fitnessbereich und eine japanische Sauna sind f\u00fcr Hotelg\u00e4ste nach vorheriger Anmeldung kostenlos zug\u00e4nglich.<\/p><p>Wir verf\u00fcgen au\u00dferdem \u00fcber einen sicheren Privatparkplatz im Untergeschoss (kostenpflichtig).<\/p><p>\u00a0<\/p><p><strong><em>Kommen Sie und genie\u00dfen Sie das s\u00fc\u00dfe Leben, von dem die<\/em><em>\u00a0<\/em><a title=\"Stadt Vannes in der Bretagne\" href=\"https:\/\/www.mairie-vannes.fr\/decouvrir-le-patrimoine-vannetais\" target=\"_blank\" rel=\"noopener noreferrer nofollow\"><em>Stadt Vannes<\/em><\/a><em>\u00a0<\/em>und seine Umgebung!<\/strong><\/p>\t\t\t\t\t\t\t\t<\/div>\n\t\t\t\t<\/div>\n\t\t\t\t\t<\/div>\n\t\t\t\t<\/div>\n\t\t\t\t<\/div>","protected":false},"excerpt":{"rendered":"<p>Die Saison der Firmenveranstaltungen ist wieder da, und das ist die ideale Gelegenheit, unsere R\u00e4ume (wieder) zu entdecken. Und raten Sie mal, was? Wir haben etwas Neues zu verk\u00fcnden!   Das Hotel Best Western Plus Vannes Centre ist stolz darauf, Ihnen die umfassende Renovierung seiner Seminarr\u00e4ume pr\u00e4sentieren zu k\u00f6nnen. Diese Renovierung zeugt von unserem st\u00e4ndigen Engagement f\u00fcr [...].<\/p>","protected":false},"author":8,"featured_media":3868,"comment_status":"closed","ping_status":"closed","sticky":false,"template":"","format":"standard","meta":{"_acf_changed":false,"inline_featured_image":false,"footnotes":""},"categories":[17],"tags":[],"class_list":["post-4658","post","type-post","status-publish","format-standard","has-post-thumbnail","hentry","category-actualites"],"acf":[],"_links":{"self":[{"href":"https:\/\/www.bestwestern-vannescentre.com\/de\/wp-json\/wp\/v2\/posts\/4658","targetHints":{"allow":["GET"]}}],"collection":[{"href":"https:\/\/www.bestwestern-vannescentre.com\/de\/wp-json\/wp\/v2\/posts"}],"about":[{"href":"https:\/\/www.bestwestern-vannescentre.com\/de\/wp-json\/wp\/v2\/types\/post"}],"author":[{"embeddable":true,"href":"https:\/\/www.bestwestern-vannescentre.com\/de\/wp-json\/wp\/v2\/users\/8"}],"replies":[{"embeddable":true,"href":"https:\/\/www.bestwestern-vannescentre.com\/de\/wp-json\/wp\/v2\/comments?post=4658"}],"version-history":[{"count":4,"href":"https:\/\/www.bestwestern-vannescentre.com\/de\/wp-json\/wp\/v2\/posts\/4658\/revisions"}],"predecessor-version":[{"id":4664,"href":"https:\/\/www.bestwestern-vannescentre.com\/de\/wp-json\/wp\/v2\/posts\/4658\/revisions\/4664"}],"wp:featuredmedia":[{"embeddable":true,"href":"https:\/\/www.bestwestern-vannescentre.com\/de\/wp-json\/wp\/v2\/media\/3868"}],"wp:attachment":[{"href":"https:\/\/www.bestwestern-vannescentre.com\/de\/wp-json\/wp\/v2\/media?parent=4658"}],"wp:term":[{"taxonomy":"category","embeddable":true,"href":"https:\/\/www.bestwestern-vannescentre.com\/de\/wp-json\/wp\/v2\/categories?post=4658"},{"taxonomy":"post_tag","embeddable":true,"href":"https:\/\/www.bestwestern-vannescentre.com\/de\/wp-json\/wp\/v2\/tags?post=4658"}],"curies":[{"name":"wp","href":"https:\/\/api.w.org\/{rel}","templated":true}]}}