{"id":4666,"date":"2024-07-11T11:19:19","date_gmt":"2024-07-11T09:19:19","guid":{"rendered":"https:\/\/www.bestwestern-vannescentre.com\/?p=4666"},"modified":"2025-07-07T16:57:54","modified_gmt":"2025-07-07T14:57:54","slug":"edition-2023-of-the-jazz-en-ville-festival-in-vannes","status":"publish","type":"post","link":"https:\/\/www.bestwestern-vannescentre.com\/de\/edition-2023-of-the-jazz-en-ville-festival-in-vannes\/","title":{"rendered":"Ausgabe 2025 Vannes Echo Jazz"},"content":{"rendered":"<div data-elementor-type=\"wp-post\" data-elementor-id=\"4666\" class=\"elementor elementor-4666\" data-elementor-post-type=\"post\">\n\t\t\t\t<div class=\"elementor-element elementor-element-310d43b9 e-flex e-con-boxed e-con e-parent\" data-id=\"310d43b9\" data-element_type=\"container\">\n\t\t\t\t\t<div class=\"e-con-inner\">\n\t\t\t\t<div class=\"elementor-element elementor-element-197b2f54 elementor-widget elementor-widget-text-editor\" data-id=\"197b2f54\" data-element_type=\"widget\" data-widget_type=\"text-editor.default\">\n\t\t\t\t<div class=\"elementor-widget-container\">\n\t\t\t\t\t\t\t\t\t<h2 class=\"content_cms\"><strong>Jazzkonzerte in Vannes vom 7. bis 12. Juli 2025 in der N\u00e4he der Stadtmauern<\/strong><\/h2><p>Die<strong> Festival Vannes Echos Jazz<\/strong>Wenn Sie vom 7. bis zum 12. Juli 2025 in Vannes sind, k\u00f6nnen Sie den Garten der Stadtmauer, die Clubs und die historischen Viertel der Altstadt im Rhythmus des Jazz entdecken.<strong>'Hotel\u00a0<a href=\"https:\/\/www.bestwestern-vannescentre.com\/de\/\">Best Western Plus Vannes Stadtzentrum<\/a><\/strong>Vannes groovt zum Sound der Jazzmusik, Tag und Nacht!<\/p><p>\u00a0<\/p><p>Die Ausgabe 2025 des Festivals verspricht, noch gr\u00f6\u00dfer und vielf\u00e4ltiger als je zuvor zu werden, mit Open-Air-Konzerten, Jam Sessions und Animationen f\u00fcr Kinder. Gesellige Momente, die man mit der Familie oder mit Freunden teilen kann.<\/p><p>\u00a0<\/p><p>Die festliche und herzliche Atmosph\u00e4re von Jazz en ville zieht jedes Jahr Tausende von Besuchern aus der ganzen Region an, die die Musik und die einzigartige Atmosph\u00e4re von Vannes genie\u00dfen wollen. Es ist ein unumg\u00e4ngliches Ereignis f\u00fcr alle Liebhaber von Jazz und Musik im Allgemeinen. Renommierte K\u00fcnstler sowie vielversprechende junge Talente sind anwesend, um au\u00dfergew\u00f6hnliche Auftritte zu bieten.<\/p>\t\t\t\t\t\t\t\t<\/div>\n\t\t\t\t<\/div>\n\t\t\t\t<div class=\"elementor-element elementor-element-a8e03c3 elementor-widget__width-initial elementor-widget elementor-widget-image\" data-id=\"a8e03c3\" data-element_type=\"widget\" data-widget_type=\"image.default\">\n\t\t\t\t<div class=\"elementor-widget-container\">\n\t\t\t\t\t\t\t\t\t\t\t\t\t\t\t<img fetchpriority=\"high\" decoding=\"async\" width=\"1747\" height=\"1240\" src=\"https:\/\/www.bestwestern-vannescentre.com\/wp-content\/uploads\/2024\/07\/Vannes-echo-jazz-2025.png\" class=\"attachment-full size-full wp-image-6148\" alt=\"\" srcset=\"https:\/\/www.bestwestern-vannescentre.com\/wp-content\/uploads\/2024\/07\/Vannes-echo-jazz-2025.png 1747w, https:\/\/www.bestwestern-vannescentre.com\/wp-content\/uploads\/2024\/07\/Vannes-echo-jazz-2025-300x213.png 300w, https:\/\/www.bestwestern-vannescentre.com\/wp-content\/uploads\/2024\/07\/Vannes-echo-jazz-2025-1024x727.png 1024w, https:\/\/www.bestwestern-vannescentre.com\/wp-content\/uploads\/2024\/07\/Vannes-echo-jazz-2025-768x545.png 768w, https:\/\/www.bestwestern-vannescentre.com\/wp-content\/uploads\/2024\/07\/Vannes-echo-jazz-2025-1536x1090.png 1536w, https:\/\/www.bestwestern-vannescentre.com\/wp-content\/uploads\/2024\/07\/Vannes-echo-jazz-2025-18x12.png 18w\" sizes=\"(max-width: 1747px) 100vw, 1747px\" title=\"\">\t\t\t\t\t\t\t\t\t\t\t\t\t\t\t<\/div>\n\t\t\t\t<\/div>\n\t\t\t\t<div class=\"elementor-element elementor-element-2404a3e elementor-widget elementor-widget-text-editor\" data-id=\"2404a3e\" data-element_type=\"widget\" data-widget_type=\"text-editor.default\">\n\t\t\t\t<div class=\"elementor-widget-container\">\n\t\t\t\t\t\t\t\t\t<p><strong><em>Vannes wird im Rhythmus des Jazz vibrieren, mit einem eklektischen Programm, das jeden Geschmack trifft!<\/em><\/strong><\/p><p>\u00a0<\/p><h3 class=\"content_cms\"><strong>Programmierung des Festivals Vannes Echos <\/strong><strong>Jazz<\/strong><\/h3><p>Bleiben Sie dran f\u00fcr weitere Informationen \u00fcber das Programm 2025, die Uhrzeiten und die Veranstaltungsorte von Jazz en ville 2025 in Vannes!<\/p><p>Die ganze Woche \u00fcber wird dem Publikum eine <a href=\"https:\/\/www.vannesechosjazz.bzh\/programmation\" rel=\"nofollow noopener\" target=\"_blank\"><strong>Jazzprogrammierung<\/strong><\/a>\u00a0reich,\u00a0<strong>vielf\u00e4ltig<\/strong>\u00a0und vollst\u00e4ndig\u00a0<strong>kostenlos<\/strong>\u00a0!<\/p><p>\u00a0<\/p><h3 class=\"content_cms\"><strong>Jazzliebhaber, nutzen Sie das Festival Vannes Echos Jazz, um Vannes zu besuchen<\/strong><\/h3><p>Ideal gelegen, unser\u00a0<strong>4-Sterne-Hotel<\/strong>\u00a0in Vannes ist ein idealer Ausgangspunkt f\u00fcr\u00a0<a href=\"https:\/\/www.bestwestern-vannescentre.com\/de\/activites-vannes.html\/\"><strong>Vannes besuchen<\/strong><\/a>\u00a0und der\u00a0<a title=\"Golf von Morbihan\" href=\"https:\/\/www.bestwestern-vannescentre.com\/de\/vannes-golfe.html\/\" target=\"_blank\" rel=\"noopener noreferrer\">Golf von Morbihan<\/a>.<\/p><p>\u00a0<\/p><p>Schlendern Sie durch die gepflasterten Stra\u00dfen des Stadtzentrums und begegnen Sie\u00a0<strong><a title=\"Vannes und seine Frau\" href=\"https:\/\/www.bestwestern-vannescentre.com\/de\/actus\/les-sites-incontournables-a-vannes-33.html\/\" target=\"_blank\" rel=\"noopener noreferrer\">Vannes und seine Frau<\/a><\/strong>...Schieben Sie noch ein St\u00fcck weiter bis zum\u00a0<strong>Hafen von Vannes<\/strong>Genie\u00dfen Sie die Aussicht auf die Boote von den Terrassen der Restaurants und Bars. Verpassen Sie auf keinen Fall den ber\u00fchmten\u00a0<strong>Markt in Vannes<\/strong>Sie k\u00f6nnen sich auch von den guten Austern aus unserer Gegend verf\u00fchren lassen.<\/p><p>\u00a0<\/p><p>Installiert in\u00a0<strong>Stadtzentrum<\/strong>Das Hotel verf\u00fcgt \u00fcber mehrere Parkpl\u00e4tze in der N\u00e4he. In der Lobby werden Sie von einer Pflanzenwand begr\u00fc\u00dft und entdecken den zeitgen\u00f6ssischen Geist mit tropischem Design. Vor Ort profitieren Sie von zahlreichen Annehmlichkeiten, wie ger\u00e4umigen und komfortablen Zimmern, unserem Fitnessraum und einer gro\u00dfen Terrasse.\u00a0<strong>Fitness<\/strong>\u00a0und der\u00a0<strong><a title=\"japanische Sauna\" href=\"https:\/\/www.bestwestern-vannescentre.com\/de\/actus\/acces-gratuit-a-notre-sauna-46.html\/\" target=\"_blank\" rel=\"noopener noreferrer\">japanische Sauna<\/a><\/strong>. Der Chefkoch unseres Restaurants\u00a0<strong><a title=\"C\u00f4t\u00e9 Patio\" href=\"https:\/\/www.bestwestern-vannescentre.com\/de\/restaurant-vannes.html\/\" target=\"_blank\" rel=\"noopener noreferrer\">C\u00f4t\u00e9 Patio<\/a><\/strong>\u00a0bietet im Laufe der Jahreszeiten das Beste vom\u00a0<strong>terroir Breton<\/strong>\u00a0in einem Raum mit schillernden Farben oder in unserem gr\u00fcnen Innenhof.<\/p><p>\u00a0<\/p><p><strong><em>F\u00fcr weitere Informationen wenden Sie sich bitte telefonisch an unser Team unter 02 97 63 20 20.<\/em><\/strong><\/p>\t\t\t\t\t\t\t\t<\/div>\n\t\t\t\t<\/div>\n\t\t\t\t\t<\/div>\n\t\t\t\t<\/div>\n\t\t\t\t<\/div>","protected":false},"excerpt":{"rendered":"<p>Jazzkonzerte in Vannes vom 7. bis 12. Juli 2025 in der N\u00e4he der Stadtmauern Das Festival Vannes Echos Jazz bedeutet, auf Ihren Spazierg\u00e4ngen den Garten der Stadtmauern, die Clubs und die historischen Viertel der Altstadt im Rhythmus des Jazz zu entdecken... W\u00e4hrend Ihres Aufenthalts in Vannes vom 7. bis 12. Juli 2025 [...].<\/p>","protected":false},"author":8,"featured_media":6148,"comment_status":"closed","ping_status":"closed","sticky":false,"template":"","format":"standard","meta":{"_acf_changed":false,"inline_featured_image":false,"footnotes":""},"categories":[17],"tags":[],"class_list":["post-4666","post","type-post","status-publish","format-standard","has-post-thumbnail","hentry","category-actualites"],"acf":[],"_links":{"self":[{"href":"https:\/\/www.bestwestern-vannescentre.com\/de\/wp-json\/wp\/v2\/posts\/4666","targetHints":{"allow":["GET"]}}],"collection":[{"href":"https:\/\/www.bestwestern-vannescentre.com\/de\/wp-json\/wp\/v2\/posts"}],"about":[{"href":"https:\/\/www.bestwestern-vannescentre.com\/de\/wp-json\/wp\/v2\/types\/post"}],"author":[{"embeddable":true,"href":"https:\/\/www.bestwestern-vannescentre.com\/de\/wp-json\/wp\/v2\/users\/8"}],"replies":[{"embeddable":true,"href":"https:\/\/www.bestwestern-vannescentre.com\/de\/wp-json\/wp\/v2\/comments?post=4666"}],"version-history":[{"count":13,"href":"https:\/\/www.bestwestern-vannescentre.com\/de\/wp-json\/wp\/v2\/posts\/4666\/revisions"}],"predecessor-version":[{"id":6151,"href":"https:\/\/www.bestwestern-vannescentre.com\/de\/wp-json\/wp\/v2\/posts\/4666\/revisions\/6151"}],"wp:featuredmedia":[{"embeddable":true,"href":"https:\/\/www.bestwestern-vannescentre.com\/de\/wp-json\/wp\/v2\/media\/6148"}],"wp:attachment":[{"href":"https:\/\/www.bestwestern-vannescentre.com\/de\/wp-json\/wp\/v2\/media?parent=4666"}],"wp:term":[{"taxonomy":"category","embeddable":true,"href":"https:\/\/www.bestwestern-vannescentre.com\/de\/wp-json\/wp\/v2\/categories?post=4666"},{"taxonomy":"post_tag","embeddable":true,"href":"https:\/\/www.bestwestern-vannescentre.com\/de\/wp-json\/wp\/v2\/tags?post=4666"}],"curies":[{"name":"wp","href":"https:\/\/api.w.org\/{rel}","templated":true}]}}