{"id":5092,"date":"2024-07-15T15:28:47","date_gmt":"2024-07-15T13:28:47","guid":{"rendered":"https:\/\/www.bestwestern-vannescentre.com\/?p=5092"},"modified":"2024-07-25T12:24:40","modified_gmt":"2024-07-25T10:24:40","slug":"ihr-weihnachtsbaum-hotel-best-western-vannes","status":"publish","type":"post","link":"https:\/\/www.bestwestern-vannescentre.com\/de\/ihr-weihnachtsbaum-hotel-best-western-vannes\/","title":{"rendered":"Ihr Weihnachtsbaum - Hotel Best Western Vannes"},"content":{"rendered":"<div data-elementor-type=\"wp-post\" data-elementor-id=\"5092\" class=\"elementor elementor-5092\" data-elementor-post-type=\"post\">\n\t\t\t\t<div class=\"elementor-element elementor-element-310d43b9 e-flex e-con-boxed e-con e-parent\" data-id=\"310d43b9\" data-element_type=\"container\">\n\t\t\t\t\t<div class=\"e-con-inner\">\n\t\t\t\t<div class=\"elementor-element elementor-element-58ed133 elementor-widget elementor-widget-text-editor\" data-id=\"58ed133\" data-element_type=\"widget\" data-widget_type=\"text-editor.default\">\n\t\t\t\t<div class=\"elementor-widget-container\">\n\t\t\t\t\t\t\t\t\t<h2 class=\"content_cms\">Weihnachtsfeier f\u00fcr Unternehmen - Hotel Vannes<\/h2><p>Sie fragen sich\u00a0<strong>wo Sie Ihren Weihnachtsbaum in Vannes aufstellen k\u00f6nnen<\/strong>\u00a0?<br \/>Suchen Sie nicht weiter! Ihr Hotel\u00a0<strong>Best Western Plus Vannes Stadtzentrum<\/strong>\u00a0ist der perfekte Ort!\u00a0<\/p><h2 class=\"content_cms\">Jahresendfeiern Unternehmen im Stadtzentrum von Vannes<\/h2><p>Unternehmen, Gruppen, Vereine...Ihr Hotel\u00a0<strong><a href=\"https:\/\/www.bestwestern-vannescentre.com\/de\/\">Best Western Vannes Zentrum<\/a><\/strong>und sein Restaurant\u00a0<strong><a href=\"https:\/\/www.bestwestern-vannescentre.com\/de\/restaurant-vannes.html\/\">C\u00f4t\u00e9 Patio<\/a>\u00a0Ventile<\/strong>Die Mitarbeiterinnen und Mitarbeiter des\u00a0<strong>Weihnachtsbaum in Morbihan<\/strong>.<br \/>In einem privaten Raum, der Ihnen kostenlos zur Verf\u00fcgung gestellt wird, k\u00f6nnen Sie unsere Buffetangebote f\u00fcr Gro\u00df und Klein nutzen, die von 6 bis 9 \u20ac (inkl. MwSt.) reichen.<br \/>Der lichtdurchflutete, in schillernden Farben gehaltene Saal des Restaurants bietet Platz f\u00fcr bis zu 70 Personen.<br \/>Der Patio mit seinem aromatischen Garten, der vom Restaurant aus zug\u00e4nglich ist, ist eingez\u00e4unt, sodass die Kinder spielen und die Eltern in aller Ruhe genie\u00dfen k\u00f6nnen.<\/p>\t\t\t\t\t\t\t\t<\/div>\n\t\t\t\t<\/div>\n\t\t\t\t<div class=\"elementor-element elementor-element-cae42b9 elementor-widget__width-initial elementor-widget elementor-widget-image\" data-id=\"cae42b9\" data-element_type=\"widget\" data-widget_type=\"image.default\">\n\t\t\t\t<div class=\"elementor-widget-container\">\n\t\t\t\t\t\t\t\t\t\t\t\t\t\t\t<img fetchpriority=\"high\" decoding=\"async\" width=\"725\" height=\"1024\" src=\"https:\/\/www.bestwestern-vannescentre.com\/wp-content\/uploads\/2024\/07\/Arbre-de-noel-2018-725x1024.jpg\" class=\"attachment-large size-large wp-image-5093\" alt=\"\" srcset=\"https:\/\/www.bestwestern-vannescentre.com\/wp-content\/uploads\/2024\/07\/Arbre-de-noel-2018-725x1024.jpg 725w, https:\/\/www.bestwestern-vannescentre.com\/wp-content\/uploads\/2024\/07\/Arbre-de-noel-2018-212x300.jpg 212w, https:\/\/www.bestwestern-vannescentre.com\/wp-content\/uploads\/2024\/07\/Arbre-de-noel-2018-768x1085.jpg 768w, https:\/\/www.bestwestern-vannescentre.com\/wp-content\/uploads\/2024\/07\/Arbre-de-noel-2018-1087x1536.jpg 1087w, https:\/\/www.bestwestern-vannescentre.com\/wp-content\/uploads\/2024\/07\/Arbre-de-noel-2018-1449x2048.jpg 1449w, https:\/\/www.bestwestern-vannescentre.com\/wp-content\/uploads\/2024\/07\/Arbre-de-noel-2018-8x12.jpg 8w, https:\/\/www.bestwestern-vannescentre.com\/wp-content\/uploads\/2024\/07\/Arbre-de-noel-2018-scaled.jpg 1812w\" sizes=\"(max-width: 725px) 100vw, 725px\" title=\"\">\t\t\t\t\t\t\t\t\t\t\t\t\t\t\t<\/div>\n\t\t\t\t<\/div>\n\t\t\t\t<div class=\"elementor-element elementor-element-91530c3 elementor-widget elementor-widget-text-editor\" data-id=\"91530c3\" data-element_type=\"widget\" data-widget_type=\"text-editor.default\">\n\t\t\t\t<div class=\"elementor-widget-container\">\n\t\t\t\t\t\t\t\t\t<div class=\"chapeau content_cms\">Die Weihnachtsfeiertage sind eine perfekte Gelegenheit, um seinen Mitarbeitern Anerkennung zu zeigen und den Zusammenhalt eines Teams zu st\u00e4rken.<br \/>Sie werden sicherlich nicht unber\u00fchrt von der Magie dieses mittlerweile universellen Festes bleiben, mit seinen Lichterketten und verschneiten Tannenb\u00e4umen, die mit Sternen und bunten Kugeln geschm\u00fcckt sind. Am Abend oder tags\u00fcber wird es ihnen Spa\u00df machen, diese vertrauten Elemente in einer festlichen und spielerischen Atmosph\u00e4re wiederzufinden. So gelingt Ihr\u00a0<strong>Firmenweihnachtsbaum<\/strong>Sie m\u00fcssen sie in Weihnachtsstimmung versetzen und alle Familien unterhalten. Wir sind bereit, Ihnen dabei zu helfen!<br \/>Treffen Sie sich f\u00fcr einen Moment der Geselligkeit und des Austauschs in unserem\u00a0<strong>hotel-restaurant Vannes.<\/strong><\/div><div class=\"chapeau content_cms\">\u00a0<br \/>Das Angebot ist bis zum 31. Januar 2019 g\u00fcltig.<\/div><div class=\"chapeau content_cms\">\u00a0<\/div><h2 class=\"chapeau content_cms\">Unser Hotel-Restaurant im Stadtzentrum von Vannes<\/h2><p>Ideal gelegen, unser<strong>\u00a0Best Western Hotel<\/strong>\u00a0ist ein idealer Ort f\u00fcr\u00a0<strong>einen Weihnachtsbaum organisieren<\/strong>\u00a0von Unternehmen in Vannes. Es wurde Anfang des Jahres komplett renoviert, im tropischen Stil und mit zeitgem\u00e4\u00dfem Design.<br \/>Die Einrichtung ist leicht zu erreichen und liegt im Herzen von Vannes, praktisch f\u00fcr diejenigen, die nach der Veranstaltung mit der Familie ins Stadtzentrum fahren m\u00f6chten.<br \/>Unser\u00a0<a href=\"https:\/\/www.bestwestern-vannescentre.com\/de\/restaurant-vannes.html\/\">Brauerei in Vannes<\/a>\u00a0C\u00f4t\u00e9 Patio bietet Ihnen eine innovative und saisonale K\u00fcche.\u00a0<\/p><p>Finden Sie Fotos und Informationen von unserem\u00a0<strong>hotel in Vannes<\/strong>\u00a0auf Facebook, Twitter oder Instagram!<\/p><p>\u00a0<\/p><p>Reservierungen und Ausk\u00fcnfte bei unserer Handelsabteilung 02 97 52 20 22 oder per E-Mail\u00a0<a href=\"mailto:commercial@assiwa.Fr\">commercial@assiwa.Fr<\/a><\/p>\t\t\t\t\t\t\t\t<\/div>\n\t\t\t\t<\/div>\n\t\t\t\t\t<\/div>\n\t\t\t\t<\/div>\n\t\t\t\t<\/div>","protected":false},"excerpt":{"rendered":"<p>Firmenweihnachtsbaum - Hotel Vannes Sie fragen sich, wo Sie Ihren Weihnachtsbaum in Vannes aufstellen sollen?suchen Sie nicht weiter! Ihr Hotel Best Western Plus Vannes Centre-Ville ist der perfekte Ort!  Weihnachtsfeiern Unternehmen im Stadtzentrum von Vannes Unternehmen, Gruppen, Vereine...Ihr Best Western Hotel Vannes Centre und sein Restaurant C\u00f4t\u00e9 Patio Vannes hei\u00dfen Sie f\u00fcr Ihren Weihnachtsbaum [...] willkommen.<\/p>","protected":false},"author":8,"featured_media":5084,"comment_status":"closed","ping_status":"closed","sticky":false,"template":"","format":"standard","meta":{"_acf_changed":false,"inline_featured_image":false,"footnotes":""},"categories":[17],"tags":[],"class_list":["post-5092","post","type-post","status-publish","format-standard","has-post-thumbnail","hentry","category-actualites"],"acf":[],"_links":{"self":[{"href":"https:\/\/www.bestwestern-vannescentre.com\/de\/wp-json\/wp\/v2\/posts\/5092","targetHints":{"allow":["GET"]}}],"collection":[{"href":"https:\/\/www.bestwestern-vannescentre.com\/de\/wp-json\/wp\/v2\/posts"}],"about":[{"href":"https:\/\/www.bestwestern-vannescentre.com\/de\/wp-json\/wp\/v2\/types\/post"}],"author":[{"embeddable":true,"href":"https:\/\/www.bestwestern-vannescentre.com\/de\/wp-json\/wp\/v2\/users\/8"}],"replies":[{"embeddable":true,"href":"https:\/\/www.bestwestern-vannescentre.com\/de\/wp-json\/wp\/v2\/comments?post=5092"}],"version-history":[{"count":4,"href":"https:\/\/www.bestwestern-vannescentre.com\/de\/wp-json\/wp\/v2\/posts\/5092\/revisions"}],"predecessor-version":[{"id":5098,"href":"https:\/\/www.bestwestern-vannescentre.com\/de\/wp-json\/wp\/v2\/posts\/5092\/revisions\/5098"}],"wp:featuredmedia":[{"embeddable":true,"href":"https:\/\/www.bestwestern-vannescentre.com\/de\/wp-json\/wp\/v2\/media\/5084"}],"wp:attachment":[{"href":"https:\/\/www.bestwestern-vannescentre.com\/de\/wp-json\/wp\/v2\/media?parent=5092"}],"wp:term":[{"taxonomy":"category","embeddable":true,"href":"https:\/\/www.bestwestern-vannescentre.com\/de\/wp-json\/wp\/v2\/categories?post=5092"},{"taxonomy":"post_tag","embeddable":true,"href":"https:\/\/www.bestwestern-vannescentre.com\/de\/wp-json\/wp\/v2\/tags?post=5092"}],"curies":[{"name":"wp","href":"https:\/\/api.w.org\/{rel}","templated":true}]}}