{"id":5223,"date":"2024-01-31T13:17:54","date_gmt":"2024-01-31T12:17:54","guid":{"rendered":"https:\/\/www.bestwestern-vannescentre.com\/?p=5223"},"modified":"2026-03-31T16:49:57","modified_gmt":"2026-03-31T14:49:57","slug":"ihr-ostermenu-in-vannes","status":"publish","type":"post","link":"https:\/\/www.bestwestern-vannescentre.com\/de\/ihr-ostermenu-in-vannes\/","title":{"rendered":"Ihr Ostermen\u00fc in Vannes"},"content":{"rendered":"<div data-elementor-type=\"wp-post\" data-elementor-id=\"5223\" class=\"elementor elementor-5223\" data-elementor-post-type=\"post\">\n\t\t\t\t<div class=\"elementor-element elementor-element-310d43b9 e-con-full e-flex e-con e-parent\" data-id=\"310d43b9\" data-element_type=\"container\">\n\t\t\t\t<div class=\"elementor-element elementor-element-58ed133 elementor-widget elementor-widget-text-editor\" data-id=\"58ed133\" data-element_type=\"widget\" data-widget_type=\"text-editor.default\">\n\t\t\t\t<div class=\"elementor-widget-container\">\n\t\t\t\t\t\t\t\t\t<p>\u00a0<\/p><h2>Probieren Sie unser spezielles Men\u00fc in Ihrem Restaurant in Vannes<\/h2><p>Unser Restaurant bietet Ihnen ein k\u00f6stliches\u00a0<strong>Ostermen\u00fc in Vannes<\/strong>. Hier werden Tradition und Gastronomie miteinander vermischt und Sie werden in einem modernen Ambiente im Zentrum von Vannes verw\u00f6hnt.<\/p><p>\u00a0<\/p><p>Dieses Men\u00fc gilt f\u00fcr Abendessen\u00a0<strong>von Samstag, den 4. bis Montag, den 6. April 2026<\/strong>Treffen ab 19 Uhr.<\/p>\t\t\t\t\t\t\t\t<\/div>\n\t\t\t\t<\/div>\n\t\t<div class=\"elementor-element elementor-element-ecd2816 e-flex e-con-boxed e-con e-child\" data-id=\"ecd2816\" data-element_type=\"container\">\n\t\t\t\t\t<div class=\"e-con-inner\">\n\t\t\t\t<div class=\"elementor-element elementor-element-75e667f elementor-widget__width-initial elementor-widget elementor-widget-image\" data-id=\"75e667f\" data-element_type=\"widget\" data-widget_type=\"image.default\">\n\t\t\t\t<div class=\"elementor-widget-container\">\n\t\t\t\t\t\t\t\t\t\t\t\t\t\t\t<img fetchpriority=\"high\" decoding=\"async\" width=\"800\" height=\"1018\" src=\"https:\/\/www.bestwestern-vannescentre.com\/wp-content\/uploads\/2024\/01\/Menu-Paques-Restaurant-Vannes-Centre-Hotel-Best-Western-Cote-Patio-805x1024.png\" class=\"attachment-large size-large wp-image-6391\" alt=\"\" srcset=\"https:\/\/www.bestwestern-vannescentre.com\/wp-content\/uploads\/2024\/01\/Menu-Paques-Restaurant-Vannes-Centre-Hotel-Best-Western-Cote-Patio-805x1024.png 805w, https:\/\/www.bestwestern-vannescentre.com\/wp-content\/uploads\/2024\/01\/Menu-Paques-Restaurant-Vannes-Centre-Hotel-Best-Western-Cote-Patio-236x300.png 236w, https:\/\/www.bestwestern-vannescentre.com\/wp-content\/uploads\/2024\/01\/Menu-Paques-Restaurant-Vannes-Centre-Hotel-Best-Western-Cote-Patio-768x977.png 768w, https:\/\/www.bestwestern-vannescentre.com\/wp-content\/uploads\/2024\/01\/Menu-Paques-Restaurant-Vannes-Centre-Hotel-Best-Western-Cote-Patio-1208x1536.png 1208w, https:\/\/www.bestwestern-vannescentre.com\/wp-content\/uploads\/2024\/01\/Menu-Paques-Restaurant-Vannes-Centre-Hotel-Best-Western-Cote-Patio-9x12.png 9w, https:\/\/www.bestwestern-vannescentre.com\/wp-content\/uploads\/2024\/01\/Menu-Paques-Restaurant-Vannes-Centre-Hotel-Best-Western-Cote-Patio.png 1414w\" sizes=\"(max-width: 800px) 100vw, 800px\" title=\"\">\t\t\t\t\t\t\t\t\t\t\t\t\t\t\t<\/div>\n\t\t\t\t<\/div>\n\t\t\t\t\t<\/div>\n\t\t\t\t<\/div>\n\t\t\t\t<div class=\"elementor-element elementor-element-fa81718 elementor-widget elementor-widget-text-editor\" data-id=\"fa81718\" data-element_type=\"widget\" data-widget_type=\"text-editor.default\">\n\t\t\t\t<div class=\"elementor-widget-container\">\n\t\t\t\t\t\t\t\t\t<p>Eine Mahlzeit, die man mit der Familie oder Freunden w\u00e4hrend des\u00a0<strong>Osterwochenende in der S\u00fcdbretagne<\/strong>. Ob Sie in einem Hotel \u00fcbernachten oder nicht, besuchen Sie <strong>am Samstag, den 4.<\/strong> <strong>Sonntag, den 5. oder Montag, den 6. April 2026<\/strong>, in unserem <strong>resto in Vannes<\/strong>\u00a0f\u00fcr einen\u00a0<strong>spezielles Ostermen\u00fc im C\u00f4t\u00e9 Patio<\/strong>.<\/p><p>\u00a0<\/p><p>| Reservieren Sie noch heute Ihren Tisch!<\/p><p>\u00a0<\/p><h2 class=\"content_cms\">Verbringen Sie Ihr Osterwochenende in Vannes...<\/h2><p>Anl\u00e4sslich des langen\u00a0<strong>Osterwochenende<\/strong>Unser\u00a0<strong>hotel-restaurant<\/strong>\u00a0bietet Ihnen einen\u00a0<strong>guter hotelplan bed &amp; breakfast<\/strong>. Ihre\u00a0<strong>\u00dcbernachtung in BB in Vannes Centre<\/strong> in einem Superior-Zimmer, f\u00fcr eine entspannende Auszeit in der Bretagne an sch\u00f6nen Tagen... vom 3. bis 6. April 2026.<\/p><p><em><strong>\u00a0&gt;\u00a0<span style=\"text-decoration: underline;\"><a title=\"Hoteltipps Vannes Osterwochenende Golfe du Morbihan \" href=\"https:\/\/www.bestwestern-vannescentre.com\/de\/FR\/actus\/offre-week-end-de-paques-a-vannes-122.html\/\">Ich entdecke den Ostertipp<\/a>\u00a0<\/span><\/strong><\/em><\/p><p>\u00a0<\/p><p><strong><em>Das gesamte Team des Hotels Best Western Plus Vannes Centre\u00a0<\/em><\/strong><strong><em>und sein Restaurant C\u00f4t\u00e9 Patio w\u00fcnschen Ihnen frohe Ostern!<\/em><\/strong><\/p>\t\t\t\t\t\t\t\t<\/div>\n\t\t\t\t<\/div>\n\t\t\t\t<\/div>\n\t\t\t\t<\/div>","protected":false},"excerpt":{"rendered":"<p>\u00a0 Venez d\u00e9guster notre menu sp\u00e9cial dans votre restaurant \u00e0 Vannes Notre restaurant vous propose un d\u00e9licieux\u00a0menu de P\u00e2ques \u00e0 Vannes. M\u00ealant tradition et gastronomie, vous vous r\u00e9galerez au c\u0153ur d&rsquo;une ambiance contemporaine au centre de Vannes. \u00a0 Ce menu est valable pour les d\u00eeners\u00a0du samedi 4 au lundi 6 avril 2026, rendez-vous d\u00e8s 19h. [&hellip;]<\/p>","protected":false},"author":8,"featured_media":6395,"comment_status":"closed","ping_status":"closed","sticky":false,"template":"","format":"standard","meta":{"_acf_changed":false,"inline_featured_image":false,"footnotes":""},"categories":[17],"tags":[],"class_list":["post-5223","post","type-post","status-publish","format-standard","has-post-thumbnail","hentry","category-actualites"],"acf":[],"_links":{"self":[{"href":"https:\/\/www.bestwestern-vannescentre.com\/de\/wp-json\/wp\/v2\/posts\/5223","targetHints":{"allow":["GET"]}}],"collection":[{"href":"https:\/\/www.bestwestern-vannescentre.com\/de\/wp-json\/wp\/v2\/posts"}],"about":[{"href":"https:\/\/www.bestwestern-vannescentre.com\/de\/wp-json\/wp\/v2\/types\/post"}],"author":[{"embeddable":true,"href":"https:\/\/www.bestwestern-vannescentre.com\/de\/wp-json\/wp\/v2\/users\/8"}],"replies":[{"embeddable":true,"href":"https:\/\/www.bestwestern-vannescentre.com\/de\/wp-json\/wp\/v2\/comments?post=5223"}],"version-history":[{"count":31,"href":"https:\/\/www.bestwestern-vannescentre.com\/de\/wp-json\/wp\/v2\/posts\/5223\/revisions"}],"predecessor-version":[{"id":6417,"href":"https:\/\/www.bestwestern-vannescentre.com\/de\/wp-json\/wp\/v2\/posts\/5223\/revisions\/6417"}],"wp:featuredmedia":[{"embeddable":true,"href":"https:\/\/www.bestwestern-vannescentre.com\/de\/wp-json\/wp\/v2\/media\/6395"}],"wp:attachment":[{"href":"https:\/\/www.bestwestern-vannescentre.com\/de\/wp-json\/wp\/v2\/media?parent=5223"}],"wp:term":[{"taxonomy":"category","embeddable":true,"href":"https:\/\/www.bestwestern-vannescentre.com\/de\/wp-json\/wp\/v2\/categories?post=5223"},{"taxonomy":"post_tag","embeddable":true,"href":"https:\/\/www.bestwestern-vannescentre.com\/de\/wp-json\/wp\/v2\/tags?post=5223"}],"curies":[{"name":"wp","href":"https:\/\/api.w.org\/{rel}","templated":true}]}}