{"id":5573,"date":"2025-02-15T16:37:12","date_gmt":"2025-02-15T15:37:12","guid":{"rendered":"https:\/\/www.bestwestern-vannescentre.com\/?p=5573"},"modified":"2025-02-20T10:58:24","modified_gmt":"2025-02-20T09:58:24","slug":"a-la-decouverte-de-vannes-entre-mer-ville-art-et-terre","status":"publish","type":"post","link":"https:\/\/www.bestwestern-vannescentre.com\/de\/a-la-decouverte-de-vannes-entre-mer-ville-art-et-terre\/","title":{"rendered":"Auf Entdeckungsreise in Vannes, zwischen Meer, Stadt, Kunst und Land"},"content":{"rendered":"<div data-elementor-type=\"wp-post\" data-elementor-id=\"5573\" class=\"elementor elementor-5573\" data-elementor-post-type=\"post\">\n\t\t\t\t<div class=\"elementor-element elementor-element-310d43b9 e-con-full e-flex e-con e-parent\" data-id=\"310d43b9\" data-element_type=\"container\">\n\t\t\t\t<div class=\"elementor-element elementor-element-58ed133 elementor-widget elementor-widget-text-editor\" data-id=\"58ed133\" data-element_type=\"widget\" data-widget_type=\"text-editor.default\">\n\t\t\t\t<div class=\"elementor-widget-container\">\n\t\t\t\t\t\t\t\t\t<h2><strong>Best Western Vannes Centre-Ville: Ihr Ausgangspunkt f\u00fcr<\/strong><br \/><strong>den Golf von Morbihan erkunden<\/strong><\/h2><div>\u00a0<\/div><p>Gelegen im Herzen des <strong><a href=\"https:\/\/www.golfedumorbihan.bzh\/\" rel=\"nofollow noopener\" target=\"_blank\">Golf von Morbihan<\/a>Vannes<\/strong> ist eine historische Stadt, die ein<br \/>reich <strong>Kulturerbe<\/strong>Die Stadt ist reich an Natur und Meer. Egal, ob Sie sich f\u00fcr Kunst oder Natur interessieren oder Entspannung am Meer suchen, Vannes ist das ideale Ziel f\u00fcr einen Ausflug in die Bretagne. Dar\u00fcber hinaus ist unser<a href=\"https:\/\/www.bestwestern-vannescentre.com\/de\/\"> Hotel Best Western Vannes Stadtzentrum<\/a> befindet sich nur wenige Schritte vom historischen Zentrum entfernt.<\/p>\t\t\t\t\t\t\t\t<\/div>\n\t\t\t\t<\/div>\n\t\t\t\t<div class=\"elementor-element elementor-element-cae42b9 elementor-widget__width-initial elementor-widget elementor-widget-image\" data-id=\"cae42b9\" data-element_type=\"widget\" data-widget_type=\"image.default\">\n\t\t\t\t<div class=\"elementor-widget-container\">\n\t\t\t\t\t\t\t\t\t\t\t\t\t\t\t<img fetchpriority=\"high\" decoding=\"async\" width=\"768\" height=\"545\" src=\"https:\/\/www.bestwestern-vannescentre.com\/wp-content\/uploads\/2024\/10\/Format-Rectangle-BW-ConvertImage-768x545.jpg\" class=\"attachment-medium_large size-medium_large wp-image-5584\" alt=\"\" srcset=\"https:\/\/www.bestwestern-vannescentre.com\/wp-content\/uploads\/2024\/10\/Format-Rectangle-BW-ConvertImage-768x545.jpg 768w, https:\/\/www.bestwestern-vannescentre.com\/wp-content\/uploads\/2024\/10\/Format-Rectangle-BW-ConvertImage-300x213.jpg 300w, https:\/\/www.bestwestern-vannescentre.com\/wp-content\/uploads\/2024\/10\/Format-Rectangle-BW-ConvertImage-1024x726.jpg 1024w, https:\/\/www.bestwestern-vannescentre.com\/wp-content\/uploads\/2024\/10\/Format-Rectangle-BW-ConvertImage-1536x1090.jpg 1536w, https:\/\/www.bestwestern-vannescentre.com\/wp-content\/uploads\/2024\/10\/Format-Rectangle-BW-ConvertImage-18x12.jpg 18w, https:\/\/www.bestwestern-vannescentre.com\/wp-content\/uploads\/2024\/10\/Format-Rectangle-BW-ConvertImage.jpg 1748w\" sizes=\"(max-width: 768px) 100vw, 768px\" title=\"\">\t\t\t\t\t\t\t\t\t\t\t\t\t\t\t<\/div>\n\t\t\t\t<\/div>\n\t\t\t\t<div class=\"elementor-element elementor-element-91530c3 elementor-widget elementor-widget-text-editor\" data-id=\"91530c3\" data-element_type=\"widget\" data-widget_type=\"text-editor.default\">\n\t\t\t\t<div class=\"elementor-widget-container\">\n\t\t\t\t\t\t\t\t\t<div><h2><strong><span style=\"text-align: var(--text-align);\">C\u00f4t\u00e9 Mer: Erkunden Sie den Golf von Morbihan<\/span><\/strong><\/h2><h3><span style=\"text-align: var(--text-align);\">Am Hafen von Vannes flanieren<\/span><\/h3><p>\u00a0Der Hafen von Vannes, das eigentliche Herz der Stadt, ist der ideale Ort f\u00fcr einen ruhigen Spaziergang. Wenn Sie an den von Segelbooten und Fachwerkh\u00e4usern ges\u00e4umten Kais entlangschlendern, tauchen Sie in die Geschichte und den Charme dieser mittelalterlichen Stadt ein. Zwischen den belebten Terrassen der Caf\u00e9s und Restaurants und den kleinen lokalen Gesch\u00e4ften lassen Sie sich von der warmen und authentischen Atmosph\u00e4re dieses symboltr\u00e4chtigen Ortes mitrei\u00dfen.\u00a0<\/p><\/div>\t\t\t\t\t\t\t\t<\/div>\n\t\t\t\t<\/div>\n\t\t\t\t<div class=\"elementor-element elementor-element-c6fcd28 elementor-widget elementor-widget-text-editor\" data-id=\"c6fcd28\" data-element_type=\"widget\" data-widget_type=\"text-editor.default\">\n\t\t\t\t<div class=\"elementor-widget-container\">\n\t\t\t\t\t\t\t\t\t<h3><span style=\"text-align: var(--text-align);\">Segeln auf dem Golf von Morbihan<\/span><\/h3><p><span style=\"font-size: 18px;\">Die Bucht von Vannes, Teil des <strong>Golf von Morbihan<\/strong>ist ber\u00fchmt f\u00fcr sein Wasser <\/span><span style=\"font-size: 18px;\">ruhigen und malerischen Inseln. Auf einer Kreuzfahrt durch den Golf k\u00f6nnen Sie <\/span><span style=\"font-size: 18px;\">Inseln wie <strong>die \u00cele aux Moines<\/strong> oder <strong>die \u00cele d'Arz<\/strong>Sie k\u00f6nnen diese Juwelen zu Fu\u00df oder mit dem Fahrrad erkunden. F\u00fcr die <\/span><span style=\"font-size: 18px;\">sportlicheren Menschen bieten Kajak- oder Segelbootverleihe die M\u00f6glichkeit, diese Erfahrung von <\/span><span style=\"font-size: 18px;\">aktive Weise.<\/span><\/p>\t\t\t\t\t\t\t\t<\/div>\n\t\t\t\t<\/div>\n\t\t\t\t<div class=\"elementor-element elementor-element-78c508e elementor-widget elementor-widget-text-editor\" data-id=\"78c508e\" data-element_type=\"widget\" data-widget_type=\"text-editor.default\">\n\t\t\t\t<div class=\"elementor-widget-container\">\n\t\t\t\t\t\t\t\t\t<h3><span style=\"text-align: var(--text-align);\">Str\u00e4nde und Faulenzen<\/span><\/h3><div><div>Einige Kilometer von Vannes entfernt genie\u00dfen Sie die Str\u00e4nde von <strong>Conleau<\/strong> oder von <strong>S\u00e9n\u00e9<\/strong> f\u00fcr eine\u00a0<span style=\"color: var( --e-global-color-text ); font-family: var( --e-global-typography-text-font-family ), Sans-serif; font-size: var( --e-global-typography-text-font-size ); font-style: var( --e-global-typography-text-font-style ); font-weight: var( --e-global-typography-text-font-weight ); text-transform: var( --e-global-typography-text-text-transform ); text-align: var(--text-align);\">entspannenden Tag zu verbringen. Sie sind perfekte Orte f\u00fcr ein erfrischendes Bad, einen Spaziergang\u00a0<\/span><span style=\"color: var( --e-global-color-text ); font-family: var( --e-global-typography-text-font-family ), Sans-serif; font-size: var( --e-global-typography-text-font-size ); font-style: var( --e-global-typography-text-font-style ); font-weight: var( --e-global-typography-text-font-weight ); text-transform: var( --e-global-typography-text-text-transform ); text-align: var(--text-align);\">am Meer oder einfach nur einen au\u00dfergew\u00f6hnlichen Sonnenuntergang \u00fcber dem Ozean genie\u00dfen\u00a0<\/span><span style=\"color: var( --e-global-color-text ); font-family: var( --e-global-typography-text-font-family ), Sans-serif; font-size: var( --e-global-typography-text-font-size ); font-style: var( --e-global-typography-text-font-style ); font-weight: var( --e-global-typography-text-font-weight ); text-transform: var( --e-global-typography-text-text-transform ); text-align: var(--text-align);\">Atlantik.<\/span><\/div><\/div>\t\t\t\t\t\t\t\t<\/div>\n\t\t\t\t<\/div>\n\t\t\t\t<div class=\"elementor-element elementor-element-dd0b11d elementor-widget__width-initial elementor-widget elementor-widget-image\" data-id=\"dd0b11d\" data-element_type=\"widget\" data-widget_type=\"image.default\">\n\t\t\t\t<div class=\"elementor-widget-container\">\n\t\t\t\t\t\t\t\t\t\t\t\t\t\t\t<img decoding=\"async\" width=\"768\" height=\"545\" src=\"https:\/\/www.bestwestern-vannescentre.com\/wp-content\/uploads\/2024\/10\/Format-Rectangle-BW-2-768x545.png\" class=\"attachment-medium_large size-medium_large wp-image-5586\" alt=\"\" srcset=\"https:\/\/www.bestwestern-vannescentre.com\/wp-content\/uploads\/2024\/10\/Format-Rectangle-BW-2-768x545.png 768w, https:\/\/www.bestwestern-vannescentre.com\/wp-content\/uploads\/2024\/10\/Format-Rectangle-BW-2-300x213.png 300w, https:\/\/www.bestwestern-vannescentre.com\/wp-content\/uploads\/2024\/10\/Format-Rectangle-BW-2-1024x726.png 1024w, https:\/\/www.bestwestern-vannescentre.com\/wp-content\/uploads\/2024\/10\/Format-Rectangle-BW-2-1536x1090.png 1536w, https:\/\/www.bestwestern-vannescentre.com\/wp-content\/uploads\/2024\/10\/Format-Rectangle-BW-2-18x12.png 18w, https:\/\/www.bestwestern-vannescentre.com\/wp-content\/uploads\/2024\/10\/Format-Rectangle-BW-2.png 1748w\" sizes=\"(max-width: 768px) 100vw, 768px\" title=\"\">\t\t\t\t\t\t\t\t\t\t\t\t\t\t\t<\/div>\n\t\t\t\t<\/div>\n\t\t\t\t<div class=\"elementor-element elementor-element-d4b88e8 elementor-widget elementor-widget-text-editor\" data-id=\"d4b88e8\" data-element_type=\"widget\" data-widget_type=\"text-editor.default\">\n\t\t\t\t<div class=\"elementor-widget-container\">\n\t\t\t\t\t\t\t\t\t<h2><strong><span style=\"text-align: var(--text-align);\">Stadtseite: Ein reiches und lebendiges Erbe<\/span><\/strong><\/h2><h3>Vannes, mittelalterliche Stadt<\/h3><div><div>Die <strong>historisches Zentrum von Vannes<\/strong> ist eine wahre Reise in die Vergangenheit. Wenn Sie durch die gepflasterten Gassen schlendern, entdecken Sie die ber\u00fchmten Stadtmauern, Fachwerkh\u00e4user und die majest\u00e4tische <strong>Kathedrale St. Peter<\/strong>. Ein Muss f\u00fcr alle, die in die Geschichte der<strong> Bretagne<\/strong>.<\/div><div>\u00a0<\/div><h3>Der Markt in Vannes<\/h3><div><div><strong>Ventile<\/strong> ist auch f\u00fcr seinen traditionellen Markt ber\u00fchmt. Jeden Mittwoch und Samstag,<\/div><div>der Markt von <strong>der Place des Lices<\/strong> zieht Einheimische und Besucher an. Es ist der perfekte Ort, um Folgendes zu entdecken<\/div><div>bretonische Spezialit\u00e4ten wie Buchweizenpfannkuchen, Meeresfr\u00fcchte oder Kouign-?<\/div><div>amanns.<\/div><\/div><\/div>\t\t\t\t\t\t\t\t<\/div>\n\t\t\t\t<\/div>\n\t\t\t\t<div class=\"elementor-element elementor-element-d44d9d9 elementor-widget__width-initial elementor-widget elementor-widget-image\" data-id=\"d44d9d9\" data-element_type=\"widget\" data-widget_type=\"image.default\">\n\t\t\t\t<div class=\"elementor-widget-container\">\n\t\t\t\t\t\t\t\t\t\t\t\t\t\t\t<img decoding=\"async\" width=\"768\" height=\"545\" src=\"https:\/\/www.bestwestern-vannescentre.com\/wp-content\/uploads\/2024\/10\/Format-Rectangle-BW-1-ConvertImage-768x545.jpg\" class=\"attachment-medium_large size-medium_large wp-image-5587\" alt=\"\" srcset=\"https:\/\/www.bestwestern-vannescentre.com\/wp-content\/uploads\/2024\/10\/Format-Rectangle-BW-1-ConvertImage-768x545.jpg 768w, https:\/\/www.bestwestern-vannescentre.com\/wp-content\/uploads\/2024\/10\/Format-Rectangle-BW-1-ConvertImage-300x213.jpg 300w, https:\/\/www.bestwestern-vannescentre.com\/wp-content\/uploads\/2024\/10\/Format-Rectangle-BW-1-ConvertImage-1024x726.jpg 1024w, https:\/\/www.bestwestern-vannescentre.com\/wp-content\/uploads\/2024\/10\/Format-Rectangle-BW-1-ConvertImage-1536x1090.jpg 1536w, https:\/\/www.bestwestern-vannescentre.com\/wp-content\/uploads\/2024\/10\/Format-Rectangle-BW-1-ConvertImage-18x12.jpg 18w, https:\/\/www.bestwestern-vannescentre.com\/wp-content\/uploads\/2024\/10\/Format-Rectangle-BW-1-ConvertImage.jpg 1748w\" sizes=\"(max-width: 768px) 100vw, 768px\" title=\"\">\t\t\t\t\t\t\t\t\t\t\t\t\t\t\t<\/div>\n\t\t\t\t<\/div>\n\t\t\t\t<div class=\"elementor-element elementor-element-1220f9c elementor-widget elementor-widget-text-editor\" data-id=\"1220f9c\" data-element_type=\"widget\" data-widget_type=\"text-editor.default\">\n\t\t\t\t<div class=\"elementor-widget-container\">\n\t\t\t\t\t\t\t\t\t<h2><strong>C\u00f4t\u00e9 Art: Ein Ort der kulturellen Inspiration<\/strong><\/h2><h3>Kunst in den Stra\u00dfen von Vannes<\/h3><div><div><strong>Ventile<\/strong> stellt die Kunst in all ihren Formen in den Vordergrund. <strong>Les Jardins des Remparts (Die G\u00e4rten der Stadtmauer)<\/strong> beherbergen\u00a0<span style=\"color: var( --e-global-color-text ); font-family: var( --e-global-typography-text-font-family ), Sans-serif; font-size: var( --e-global-typography-text-font-size ); font-style: var( --e-global-typography-text-font-style ); font-weight: var( --e-global-typography-text-font-weight ); text-transform: var( --e-global-typography-text-text-transform ); text-align: var(--text-align);\">Freiluftausstellungen und zeitgen\u00f6ssische Skulpturen das ganze Jahr \u00fcber. Jede\u00a0<\/span><span style=\"color: var( --e-global-color-text ); font-family: var( --e-global-typography-text-font-family ), Sans-serif; font-size: var( --e-global-typography-text-font-size ); font-style: var( --e-global-typography-text-font-style ); font-weight: var( --e-global-typography-text-font-weight ); text-transform: var( --e-global-typography-text-text-transform ); text-align: var(--text-align);\">Sommer, die<\/span><strong style=\"color: var( --e-global-color-text ); font-family: var( --e-global-typography-text-font-family ), Sans-serif; font-size: var( --e-global-typography-text-font-size ); font-style: var( --e-global-typography-text-font-style ); text-transform: var( --e-global-typography-text-text-transform ); text-align: var(--text-align);\"> Historische Feste in Vannes<\/strong><span style=\"color: var( --e-global-color-text ); font-family: var( --e-global-typography-text-font-family ), Sans-serif; font-size: var( --e-global-typography-text-font-size ); font-style: var( --e-global-typography-text-font-style ); font-weight: var( --e-global-typography-text-font-weight ); text-transform: var( --e-global-typography-text-text-transform ); text-align: var(--text-align);\"> transportieren die Besucher in eine<\/span><\/div><div><span style=\"text-align: var(--text-align);\">mittelalterlich, mit Auff\u00fchrungen, Kost\u00fcmumz\u00fcgen und historischen Rekonstruktionen.<\/span><span style=\"color: var( --e-global-color-text ); font-family: var( --e-global-typography-text-font-family ), Sans-serif; font-size: var( --e-global-typography-text-font-size ); font-style: var( --e-global-typography-text-font-style ); font-weight: var( --e-global-typography-text-font-weight ); text-transform: var( --e-global-typography-text-text-transform ); text-align: var(--text-align);\">\u00a0<\/span><\/div><div><span style=\"color: var( --e-global-color-text ); font-family: var( --e-global-typography-text-font-family ), Sans-serif; font-size: var( --e-global-typography-text-font-size ); font-style: var( --e-global-typography-text-font-style ); font-weight: var( --e-global-typography-text-font-weight ); text-transform: var( --e-global-typography-text-text-transform ); text-align: var(--text-align);\">\u00a0<\/span><\/div><h3>Galerien und Museen<\/h3><div><div><div>Verpassen Sie nicht den <a href=\"https:\/\/www.mairie-vannes.fr\/musee-des-beaux-arts\" rel=\"nofollow noopener\" target=\"_blank\"><strong>Museum der Sch\u00f6nen K\u00fcnste La Cohue<\/strong><\/a>in dem Kunstsammlungen ausgestellt werden\u00a0<span style=\"color: var( --e-global-color-text ); font-family: var( --e-global-typography-text-font-family ), Sans-serif; font-size: var( --e-global-typography-text-font-size ); font-style: var( --e-global-typography-text-font-style ); font-weight: var( --e-global-typography-text-font-weight ); text-transform: var( --e-global-typography-text-text-transform ); text-align: var(--text-align);\">moderne und klassische Kunst. Liebhaber zeitgen\u00f6ssischer Kunst werden auch die\u00a0<\/span><span style=\"color: var( --e-global-color-text ); font-family: var( --e-global-typography-text-font-family ), Sans-serif; font-size: var( --e-global-typography-text-font-size ); font-style: var( --e-global-typography-text-font-style ); font-weight: var( --e-global-typography-text-font-weight ); text-transform: var( --e-global-typography-text-text-transform ); text-align: var(--text-align);\">zahlreiche \u00fcber die Stadt verteilte Galerien, die einen Einblick in die Kunstszene bieten<\/span><\/div><div>lokal.<\/div><\/div><\/div><\/div>\t\t\t\t\t\t\t\t<\/div>\n\t\t\t\t<\/div>\n\t\t\t\t<div class=\"elementor-element elementor-element-9c0a0e4 elementor-widget__width-initial elementor-widget elementor-widget-image\" data-id=\"9c0a0e4\" data-element_type=\"widget\" data-widget_type=\"image.default\">\n\t\t\t\t<div class=\"elementor-widget-container\">\n\t\t\t\t\t\t\t\t\t\t\t\t\t\t\t<img loading=\"lazy\" decoding=\"async\" width=\"800\" height=\"193\" src=\"https:\/\/www.bestwestern-vannescentre.com\/wp-content\/uploads\/2024\/10\/street-art-Vannes-1024x247.jpg\" class=\"attachment-large size-large wp-image-5592\" alt=\"\" srcset=\"https:\/\/www.bestwestern-vannescentre.com\/wp-content\/uploads\/2024\/10\/street-art-Vannes-1024x247.jpg 1024w, https:\/\/www.bestwestern-vannescentre.com\/wp-content\/uploads\/2024\/10\/street-art-Vannes-300x72.jpg 300w, https:\/\/www.bestwestern-vannescentre.com\/wp-content\/uploads\/2024\/10\/street-art-Vannes-768x185.jpg 768w, https:\/\/www.bestwestern-vannescentre.com\/wp-content\/uploads\/2024\/10\/street-art-Vannes-1536x370.jpg 1536w, https:\/\/www.bestwestern-vannescentre.com\/wp-content\/uploads\/2024\/10\/street-art-Vannes-18x4.jpg 18w, https:\/\/www.bestwestern-vannescentre.com\/wp-content\/uploads\/2024\/10\/street-art-Vannes.jpg 1748w\" sizes=\"(max-width: 800px) 100vw, 800px\" title=\"\">\t\t\t\t\t\t\t\t\t\t\t\t\t\t\t<\/div>\n\t\t\t\t<\/div>\n\t\t\t\t<div class=\"elementor-element elementor-element-f0efef3 elementor-widget elementor-widget-text-editor\" data-id=\"f0efef3\" data-element_type=\"widget\" data-widget_type=\"text-editor.default\">\n\t\t\t\t<div class=\"elementor-widget-container\">\n\t\t\t\t\t\t\t\t\t<h2><strong><span style=\"text-align: var(--text-align);\">C\u00f4t\u00e9 Terre: \u00c0 la D\u00e9couverte de la Nature Bretonne (Auf Entdeckungsreise durch die bretonische Natur)<\/span><\/strong><\/h2><div><div><h3>Regionaler Naturpark des Golfs von Morbihan und G\u00e4rten von Vannes<\/h3><div><div>Wanderer und Liebhaber der Wildnis kommen in den\u00a0<span style=\"color: var( --e-global-color-text ); font-family: var( --e-global-typography-text-font-family ), Sans-serif; font-size: var( --e-global-typography-text-font-size ); font-style: var( --e-global-typography-text-font-style ); font-weight: var( --e-global-typography-text-font-weight ); text-transform: var( --e-global-typography-text-text-transform ); text-align: var(--text-align);\">Umgebung von Vannes. <strong>Der Regionale Naturpark Golf von Morbihan<\/strong> ist ein gesch\u00fctzter Raum\u00a0<\/span><span style=\"color: var( --e-global-color-text ); font-family: var( --e-global-typography-text-font-family ), Sans-serif; font-size: var( --e-global-typography-text-font-size ); font-style: var( --e-global-typography-text-font-style ); font-weight: var( --e-global-typography-text-font-weight ); text-transform: var( --e-global-typography-text-text-transform ); text-align: var(--text-align);\">die eine au\u00dfergew\u00f6hnliche Flora und Fauna beherbergt. Zahlreiche Wanderungen sind\u00a0<\/span><span style=\"color: var( --e-global-color-text ); font-family: var( --e-global-typography-text-font-family ), Sans-serif; font-size: var( --e-global-typography-text-font-size ); font-style: var( --e-global-typography-text-font-style ); font-weight: var( --e-global-typography-text-font-weight ); text-transform: var( --e-global-typography-text-text-transform ); text-align: var(--text-align);\">Es gibt zahlreiche M\u00f6glichkeiten, die unber\u00fchrte Natur zu Fu\u00df oder mit dem Fahrrad zu erkunden. F\u00fcr einen\u00a0<\/span><span style=\"color: var( --e-global-color-text ); font-family: var( --e-global-typography-text-font-family ), Sans-serif; font-size: var( --e-global-typography-text-font-size ); font-style: var( --e-global-typography-text-font-style ); font-weight: var( --e-global-typography-text-font-weight ); text-transform: var( --e-global-typography-text-text-transform ); text-align: var(--text-align);\">Besuchen Sie in der Stadt die <strong>Jardins de la Garenne<\/strong> oder die <strong>G\u00e4rten der\u00a0<\/strong><\/span><span style=\"color: var( --e-global-color-text ); font-family: var( --e-global-typography-text-font-family ), Sans-serif; font-size: var( --e-global-typography-text-font-size ); font-style: var( --e-global-typography-text-font-style ); font-weight: var( --e-global-typography-text-font-weight ); text-transform: var( --e-global-typography-text-text-transform ); text-align: var(--text-align);\"><strong>Stadtmauer<\/strong>. Diese Gr\u00fcnfl\u00e4chen eignen sich perfekt f\u00fcr eine ruhige Pause, umgeben von Vegetation.\u00a0<\/span><span style=\"color: var( --e-global-color-text ); font-family: var( --e-global-typography-text-font-family ), Sans-serif; font-size: var( --e-global-typography-text-font-size ); font-style: var( --e-global-typography-text-font-style ); font-weight: var( --e-global-typography-text-font-weight ); text-transform: var( --e-global-typography-text-text-transform ); text-align: var(--text-align);\">\u00fcppigem Gr\u00fcn und bl\u00fchenden Blumenbeeten.<\/span><\/div><div><span style=\"color: var( --e-global-color-text ); font-family: var( --e-global-typography-text-font-family ), Sans-serif; font-size: var( --e-global-typography-text-font-size ); font-style: var( --e-global-typography-text-font-style ); font-weight: var( --e-global-typography-text-font-weight ); text-transform: var( --e-global-typography-text-text-transform ); text-align: var(--text-align);\">\u00a0<\/span><\/div><div><h3>Wanderungen rund um den Golf von Morbihan<\/h3><div><span style=\"color: var( --e-global-color-text ); font-family: var( --e-global-typography-text-font-family ), Sans-serif; font-size: var( --e-global-typography-text-font-size ); font-style: var( --e-global-typography-text-font-style ); font-weight: var( --e-global-typography-text-font-weight ); text-transform: var( --e-global-typography-text-text-transform ); text-align: var(--text-align);\">Die <\/span><strong style=\"color: var( --e-global-color-text ); font-family: var( --e-global-typography-text-font-family ), Sans-serif; font-size: var( --e-global-typography-text-font-size ); font-style: var( --e-global-typography-text-font-style ); text-transform: var( --e-global-typography-text-text-transform ); text-align: var(--text-align);\">Golf von Morbihan<\/strong><span style=\"color: var( --e-global-color-text ); font-family: var( --e-global-typography-text-font-family ), Sans-serif; font-size: var( --e-global-typography-text-font-size ); font-style: var( --e-global-typography-text-font-style ); font-weight: var( --e-global-typography-text-font-weight ); text-transform: var( --e-global-typography-text-text-transform ); text-align: var(--text-align);\"> ist ein Paradies f\u00fcr Wanderfreunde. Von Vannes aus k\u00f6nnen Sie sich mehreren Wanderrouten anschlie\u00dfen, vor allem rund um die <\/span><strong style=\"color: var( --e-global-color-text ); font-family: var( --e-global-typography-text-font-family ), Sans-serif; font-size: var( --e-global-typography-text-font-size ); font-style: var( --e-global-typography-text-font-style ); text-transform: var( --e-global-typography-text-text-transform ); text-align: var(--text-align);\">Halbinsel Rhuys<\/strong><span style=\"color: var( --e-global-color-text ); font-family: var( --e-global-typography-text-font-family ), Sans-serif; font-size: var( --e-global-typography-text-font-size ); font-style: var( --e-global-typography-text-font-style ); font-weight: var( --e-global-typography-text-font-weight ); text-transform: var( --e-global-typography-text-text-transform ); text-align: var(--text-align);\">Dort k\u00f6nnen Sie das <\/span><strong style=\"color: var( --e-global-color-text ); font-family: var( --e-global-typography-text-font-family ), Sans-serif; font-size: var( --e-global-typography-text-font-size ); font-style: var( --e-global-typography-text-font-style ); text-transform: var( --e-global-typography-text-text-transform ); text-align: var(--text-align);\">K\u00fcstenweg zur \u00cele aux Moines<\/strong><span style=\"color: var( --e-global-color-text ); font-family: var( --e-global-typography-text-font-family ), Sans-serif; font-size: var( --e-global-typography-text-font-size ); font-style: var( --e-global-typography-text-font-style ); font-weight: var( --e-global-typography-text-font-weight ); text-transform: var( --e-global-typography-text-text-transform ); text-align: var(--text-align);\">oder die<\/span><\/div><div>Wanderwege um <strong>Baden<\/strong> und der <strong>Spitze von Arradon<\/strong>. F\u00fcr ein immersiveres Erlebnis,\u00a0<span style=\"color: var( --e-global-color-text ); font-family: var( --e-global-typography-text-font-family ), Sans-serif; font-size: var( --e-global-typography-text-font-size ); font-style: var( --e-global-typography-text-font-style ); font-weight: var( --e-global-typography-text-font-weight ); text-transform: var( --e-global-typography-text-text-transform ); text-align: var(--text-align);\">entscheiden Sie sich f\u00fcr eine Wanderung in den <\/span><strong style=\"color: var( --e-global-color-text ); font-family: var( --e-global-typography-text-font-family ), Sans-serif; font-size: var( --e-global-typography-text-font-size ); font-style: var( --e-global-typography-text-font-style ); text-transform: var( --e-global-typography-text-text-transform ); text-align: var(--text-align);\">Landes de Lanvaux<\/strong><span style=\"color: var( --e-global-color-text ); font-family: var( --e-global-typography-text-font-family ), Sans-serif; font-size: var( --e-global-typography-text-font-size ); font-style: var( --e-global-typography-text-font-style ); font-weight: var( --e-global-typography-text-font-weight ); text-transform: var( --e-global-typography-text-text-transform ); text-align: var(--text-align);\">wo Sie Megalithen finden\u00a0<\/span><span style=\"color: var( --e-global-color-text ); font-family: var( --e-global-typography-text-font-family ), Sans-serif; font-size: var( --e-global-typography-text-font-size ); font-style: var( --e-global-typography-text-font-style ); font-weight: var( --e-global-typography-text-font-weight ); text-transform: var( --e-global-typography-text-text-transform ); text-align: var(--text-align);\">die unter den W\u00e4ldern verborgen sind, und Kapellen, die von der Zeit vergessen wurden.<\/span><\/div><\/div><\/div><div>\u00a0<\/div><\/div><\/div>\t\t\t\t\t\t\t\t<\/div>\n\t\t\t\t<\/div>\n\t\t\t\t<div class=\"elementor-element elementor-element-701f070 elementor-widget__width-initial elementor-widget elementor-widget-image\" data-id=\"701f070\" data-element_type=\"widget\" data-widget_type=\"image.default\">\n\t\t\t\t<div class=\"elementor-widget-container\">\n\t\t\t\t\t\t\t\t\t\t\t\t\t\t\t<img loading=\"lazy\" decoding=\"async\" width=\"768\" height=\"545\" src=\"https:\/\/www.bestwestern-vannescentre.com\/wp-content\/uploads\/2024\/10\/Format-Rectangle-BW-3-ConvertImage-1-768x545.jpg\" class=\"attachment-medium_large size-medium_large wp-image-5593\" alt=\"\" srcset=\"https:\/\/www.bestwestern-vannescentre.com\/wp-content\/uploads\/2024\/10\/Format-Rectangle-BW-3-ConvertImage-1-768x545.jpg 768w, https:\/\/www.bestwestern-vannescentre.com\/wp-content\/uploads\/2024\/10\/Format-Rectangle-BW-3-ConvertImage-1-300x213.jpg 300w, https:\/\/www.bestwestern-vannescentre.com\/wp-content\/uploads\/2024\/10\/Format-Rectangle-BW-3-ConvertImage-1-1024x726.jpg 1024w, https:\/\/www.bestwestern-vannescentre.com\/wp-content\/uploads\/2024\/10\/Format-Rectangle-BW-3-ConvertImage-1-1536x1090.jpg 1536w, https:\/\/www.bestwestern-vannescentre.com\/wp-content\/uploads\/2024\/10\/Format-Rectangle-BW-3-ConvertImage-1-18x12.jpg 18w, https:\/\/www.bestwestern-vannescentre.com\/wp-content\/uploads\/2024\/10\/Format-Rectangle-BW-3-ConvertImage-1.jpg 1748w\" sizes=\"(max-width: 768px) 100vw, 768px\" title=\"\">\t\t\t\t\t\t\t\t\t\t\t\t\t\t\t<\/div>\n\t\t\t\t<\/div>\n\t\t\t\t<div class=\"elementor-element elementor-element-0f7b41a elementor-widget elementor-widget-text-editor\" data-id=\"0f7b41a\" data-element_type=\"widget\" data-widget_type=\"text-editor.default\">\n\t\t\t\t<div class=\"elementor-widget-container\">\n\t\t\t\t\t\t\t\t\t<p>\u00a0<\/p><p>Ob Sie sich nun vom Meer, der Geschichte, der Kunst oder der Natur angezogen f\u00fchlen, Vannes hat f\u00fcr jeden etwas zu bieten.\u00a0<span style=\"color: var( --e-global-color-text ); font-family: var( --e-global-typography-text-font-family ), Sans-serif; font-size: var( --e-global-typography-text-font-size ); font-style: var( --e-global-typography-text-font-style ); font-weight: var( --e-global-typography-text-font-weight ); text-transform: var( --e-global-typography-text-text-transform ); text-align: var(--text-align);\">Durch den Aufenthalt im <\/span><strong style=\"color: var( --e-global-color-text ); font-family: var( --e-global-typography-text-font-family ), Sans-serif; font-size: var( --e-global-typography-text-font-size ); font-style: var( --e-global-typography-text-font-style ); text-transform: var( --e-global-typography-text-text-transform ); text-align: var(--text-align);\">Best Western Vannes Stadtzentrum<\/strong><span style=\"color: var( --e-global-color-text ); font-family: var( --e-global-typography-text-font-family ), Sans-serif; font-size: var( --e-global-typography-text-font-size ); font-style: var( --e-global-typography-text-font-style ); font-weight: var( --e-global-typography-text-font-weight ); text-transform: var( --e-global-typography-text-text-transform ); text-align: var(--text-align);\">Die Lage ist ideal, um diese facettenreiche Stadt zu erkunden und Ihre Auszeit in der Bretagne in vollen Z\u00fcgen zu genie\u00dfen.<\/span><\/p>\t\t\t\t\t\t\t\t<\/div>\n\t\t\t\t<\/div>\n\t\t\t\t<\/div>\n\t\t<div class=\"elementor-element elementor-element-2d0c32c e-flex e-con-boxed e-con e-parent\" data-id=\"2d0c32c\" data-element_type=\"container\">\n\t\t\t\t\t<div class=\"e-con-inner\">\n\t\t\t\t\t<\/div>\n\t\t\t\t<\/div>\n\t\t\t\t<\/div>","protected":false},"excerpt":{"rendered":"<p>Best Western Vannes Centre-Ville: Ihr Ausgangspunkt f\u00fcr die Erkundung des Golfs von Morbihan Vannes liegt im Herzen des Golfs von Morbihan und ist eine historische Stadt, die ein reiches kulturelles, nat\u00fcrliches und maritimes Erbe bietet. Ob Sie sich f\u00fcr Kunst, Natur oder Entspannung am Meer interessieren, Vannes ist die richtige Stadt f\u00fcr Sie.<\/p>","protected":false},"author":14,"featured_media":5604,"comment_status":"closed","ping_status":"closed","sticky":false,"template":"","format":"standard","meta":{"_acf_changed":false,"inline_featured_image":false,"footnotes":""},"categories":[17],"tags":[],"class_list":["post-5573","post","type-post","status-publish","format-standard","has-post-thumbnail","hentry","category-actualites"],"acf":[],"_links":{"self":[{"href":"https:\/\/www.bestwestern-vannescentre.com\/de\/wp-json\/wp\/v2\/posts\/5573","targetHints":{"allow":["GET"]}}],"collection":[{"href":"https:\/\/www.bestwestern-vannescentre.com\/de\/wp-json\/wp\/v2\/posts"}],"about":[{"href":"https:\/\/www.bestwestern-vannescentre.com\/de\/wp-json\/wp\/v2\/types\/post"}],"author":[{"embeddable":true,"href":"https:\/\/www.bestwestern-vannescentre.com\/de\/wp-json\/wp\/v2\/users\/14"}],"replies":[{"embeddable":true,"href":"https:\/\/www.bestwestern-vannescentre.com\/de\/wp-json\/wp\/v2\/comments?post=5573"}],"version-history":[{"count":22,"href":"https:\/\/www.bestwestern-vannescentre.com\/de\/wp-json\/wp\/v2\/posts\/5573\/revisions"}],"predecessor-version":[{"id":5603,"href":"https:\/\/www.bestwestern-vannescentre.com\/de\/wp-json\/wp\/v2\/posts\/5573\/revisions\/5603"}],"wp:featuredmedia":[{"embeddable":true,"href":"https:\/\/www.bestwestern-vannescentre.com\/de\/wp-json\/wp\/v2\/media\/5604"}],"wp:attachment":[{"href":"https:\/\/www.bestwestern-vannescentre.com\/de\/wp-json\/wp\/v2\/media?parent=5573"}],"wp:term":[{"taxonomy":"category","embeddable":true,"href":"https:\/\/www.bestwestern-vannescentre.com\/de\/wp-json\/wp\/v2\/categories?post=5573"},{"taxonomy":"post_tag","embeddable":true,"href":"https:\/\/www.bestwestern-vannescentre.com\/de\/wp-json\/wp\/v2\/tags?post=5573"}],"curies":[{"name":"wp","href":"https:\/\/api.w.org\/{rel}","templated":true}]}}