{"id":4674,"date":"2025-10-10T11:47:20","date_gmt":"2025-10-10T09:47:20","guid":{"rendered":"https:\/\/www.bestwestern-vannescentre.com\/?p=4674"},"modified":"2025-11-07T16:47:38","modified_gmt":"2025-11-07T15:47:38","slug":"que-hacer-durante-su-estancia-en-bretana-en-otono","status":"publish","type":"post","link":"https:\/\/www.bestwestern-vannescentre.com\/es\/que-hacer-durante-su-estancia-en-bretana-en-otono\/","title":{"rendered":"\u00bfQu\u00e9 hacer durante su estancia en Breta\u00f1a en oto\u00f1o?"},"content":{"rendered":"<div data-elementor-type=\"wp-post\" data-elementor-id=\"4674\" class=\"elementor elementor-4674\" data-elementor-post-type=\"post\">\n\t\t\t\t<div class=\"elementor-element elementor-element-310d43b9 e-flex e-con-boxed e-con e-parent\" data-id=\"310d43b9\" data-element_type=\"container\">\n\t\t\t\t\t<div class=\"e-con-inner\">\n\t\t\t\t<div class=\"elementor-element elementor-element-197b2f54 elementor-widget elementor-widget-text-editor\" data-id=\"197b2f54\" data-element_type=\"widget\" data-widget_type=\"text-editor.default\">\n\t\t\t\t<div class=\"elementor-widget-container\">\n\t\t\t\t\t\t\t\t\t<p>Descubra Morbihan en oto\u00f1o <strong>Qu\u00e9 hacer en oto\u00f1o en el sur de Breta\u00f1a<\/strong><\/p><p>He aqu\u00ed algunas ideas para aprovechar al m\u00e1ximo los colores oto\u00f1ales durante su\u00a0<a title=\"verano indio bon plan oto\u00f1o bretagne morbihan vannes\" href=\"https:\/\/www.bestwestern-vannescentre.com\/es\/actus\/promotion-ete-indien-hotel-vannes-163.html\/\"><strong>estancia en el golfo de Morbihan<\/strong><\/a>. Descubrimiento, ocio, actividades familiares, salidas a la naturaleza... Tenemos muchas ideas para mantenerle ocupado. Aqu\u00ed tiene nuestra selecci\u00f3n de<strong>Actividades de oto\u00f1o en Morbihan<\/strong>\u00a0:<\/p><p>\u00a0<\/p><h2>Jornadas Europeas de Patrimonio<\/h2><p>\u00a0<\/p><p>Es pleno oto\u00f1o, a\u00fan quedan d\u00edas de buen tiempo y no hace demasiado fr\u00edo... Aproveche para pasear por Vannes y visitar gratuitamente algunos de los puntos de inter\u00e9s de la ciudad.<\/p><p>Una serie de hermosos lugares le abren sus puertas para el <strong>42\u00aa edici\u00f3n de la JEP<\/strong>, <strong>20 y 21 de septiembre de 2025<\/strong>. El tema de este a\u00f1o: la <strong>patrimonio arquitect\u00f3nico<\/strong>. \u00bfLe gustan la arquitectura y el arte? En el<strong> Jornadas Europeas del Patrimonio en Vannes<\/strong> !<\/p><p><span style=\"text-decoration: underline;\">&gt; Nuestro consejo<\/span> Recuerde llegar temprano para maximizar sus posibilidades de visitar determinados lugares.<\/p><p>\u00a0<\/p><h2 class=\"content_cms\">Le Mille Sabords - Sal\u00f3n N\u00e1utico de Ocasi\u00f3n<\/h2><p>Le\u00a0<strong>sal\u00f3n del barco de ocasi\u00f3n \"\u00a0<a title=\"Le Mille Sabords\" href=\"https:\/\/www.lemillesabords.com\/\" target=\"_blank\" rel=\"noopener noreferrer nofollow\">Le Mille Sabords<\/a>\u00a0\"<\/strong> vuelve en su 41\u00aa edici\u00f3n <strong>del 30 de octubre al 2 de noviembre<\/strong>\u00a0<strong>2025<\/strong>\u00a0en\u00a0<strong>Puerto de Crouesty\u00a0<\/strong>en Arz\u00f3n, de 9.30 a 18.30 horas.<\/p><p>El Mille Sabords es el mayor sal\u00f3n n\u00e1utico de ocasi\u00f3n de Europa y se celebra todos los a\u00f1os en el Port du Crouesty de Arzon (Morbihan):<\/p><ul><li>Sal\u00f3n n\u00e1utico asociativo creado en 1984 y dirigido por profesionales de la n\u00e1utica del Port du Crouesty.<\/li><li>M\u00e1s de 400 expositores privados y profesionales<\/li><li>Entre 400 y 600 embarcaciones expuestas a flote y en tierra<\/li><li>M\u00e1s de 35% de barcos expuestos vendidos en 4 d\u00edas<\/li><\/ul><p>\u00a0Los visitantes acuden aqu\u00ed para encontrar el barco de sus sue\u00f1os, pero tambi\u00e9n para pasear, informarse y disfrutar de la animaci\u00f3n de fin de temporada en el Port du Crouesty.<\/p><p><strong>&gt; Entrada gratuita<\/strong><\/p>\t\t\t\t\t\t\t\t<\/div>\n\t\t\t\t<\/div>\n\t\t\t\t<div class=\"elementor-element elementor-element-a8e03c3 elementor-widget__width-initial elementor-widget elementor-widget-image\" data-id=\"a8e03c3\" data-element_type=\"widget\" data-widget_type=\"image.default\">\n\t\t\t\t<div class=\"elementor-widget-container\">\n\t\t\t\t\t\t\t\t\t\t\t\t\t\t\t<img fetchpriority=\"high\" decoding=\"async\" width=\"1748\" height=\"1240\" src=\"https:\/\/www.bestwestern-vannescentre.com\/wp-content\/uploads\/2024\/07\/Le-mille-sabords-ConvertImage.jpg\" class=\"attachment-full size-full wp-image-4675\" alt=\"\" srcset=\"https:\/\/www.bestwestern-vannescentre.com\/wp-content\/uploads\/2024\/07\/Le-mille-sabords-ConvertImage.jpg 1748w, https:\/\/www.bestwestern-vannescentre.com\/wp-content\/uploads\/2024\/07\/Le-mille-sabords-ConvertImage-300x213.jpg 300w, https:\/\/www.bestwestern-vannescentre.com\/wp-content\/uploads\/2024\/07\/Le-mille-sabords-ConvertImage-1024x726.jpg 1024w, https:\/\/www.bestwestern-vannescentre.com\/wp-content\/uploads\/2024\/07\/Le-mille-sabords-ConvertImage-768x545.jpg 768w, https:\/\/www.bestwestern-vannescentre.com\/wp-content\/uploads\/2024\/07\/Le-mille-sabords-ConvertImage-1536x1090.jpg 1536w, https:\/\/www.bestwestern-vannescentre.com\/wp-content\/uploads\/2024\/07\/Le-mille-sabords-ConvertImage-18x12.jpg 18w\" sizes=\"(max-width: 1748px) 100vw, 1748px\" title=\"\">\t\t\t\t\t\t\t\t\t\t\t\t\t\t\t<\/div>\n\t\t\t\t<\/div>\n\t\t\t\t<div class=\"elementor-element elementor-element-2404a3e elementor-widget elementor-widget-text-editor\" data-id=\"2404a3e\" data-element_type=\"widget\" data-widget_type=\"text-editor.default\">\n\t\t\t\t<div class=\"elementor-widget-container\">\n\t\t\t\t\t\t\t\t\t<h2 class=\"content_cms\">Recoger casta\u00f1as<\/h2><p>Las hojas empiezan a caer y las temperaturas refrescan... \u00a1prep\u00e1rate para llenarte de casta\u00f1as!<\/p><p>Una idea estupenda para pasar un d\u00eda divertido en verano.<strong>Oto\u00f1o en Breta\u00f1a<\/strong>\u00a0!<\/p><p>Las casta\u00f1as pueden cosecharse de septiembre a principios de noviembre, seg\u00fan el a\u00f1o, la regi\u00f3n y la variedad, pero no espere demasiado, ya que las bogas que permanecen demasiado tiempo en el suelo se estropean.<\/p>\t\t\t\t\t\t\t\t<\/div>\n\t\t\t\t<\/div>\n\t\t\t\t<div class=\"elementor-element elementor-element-fb56208 elementor-widget__width-initial elementor-widget elementor-widget-image\" data-id=\"fb56208\" data-element_type=\"widget\" data-widget_type=\"image.default\">\n\t\t\t\t<div class=\"elementor-widget-container\">\n\t\t\t\t\t\t\t\t\t\t\t\t\t\t\t<img decoding=\"async\" width=\"1748\" height=\"1240\" src=\"https:\/\/www.bestwestern-vannescentre.com\/wp-content\/uploads\/2024\/07\/Recolte-des-chataignes.jpg\" class=\"attachment-full size-full wp-image-4676\" alt=\"\" srcset=\"https:\/\/www.bestwestern-vannescentre.com\/wp-content\/uploads\/2024\/07\/Recolte-des-chataignes.jpg 1748w, https:\/\/www.bestwestern-vannescentre.com\/wp-content\/uploads\/2024\/07\/Recolte-des-chataignes-300x213.jpg 300w, https:\/\/www.bestwestern-vannescentre.com\/wp-content\/uploads\/2024\/07\/Recolte-des-chataignes-1024x726.jpg 1024w, https:\/\/www.bestwestern-vannescentre.com\/wp-content\/uploads\/2024\/07\/Recolte-des-chataignes-768x545.jpg 768w, https:\/\/www.bestwestern-vannescentre.com\/wp-content\/uploads\/2024\/07\/Recolte-des-chataignes-1536x1090.jpg 1536w, https:\/\/www.bestwestern-vannescentre.com\/wp-content\/uploads\/2024\/07\/Recolte-des-chataignes-18x12.jpg 18w\" sizes=\"(max-width: 1748px) 100vw, 1748px\" title=\"\">\t\t\t\t\t\t\t\t\t\t\t\t\t\t\t<\/div>\n\t\t\t\t<\/div>\n\t\t\t\t<div class=\"elementor-element elementor-element-9cff67e elementor-widget elementor-widget-text-editor\" data-id=\"9cff67e\" data-element_type=\"widget\" data-widget_type=\"text-editor.default\">\n\t\t\t\t<div class=\"elementor-widget-container\">\n\t\t\t\t\t\t\t\t\t<h2 class=\"content_cms\">Visite la Reserva Natural del Marais de S\u00e9n\u00e9<\/h2><p>La\u00a0<strong>Reserva natural de las marismas del S\u00e9n\u00e9<\/strong>\u00a0es el mayor espacio natural de la\u00a0<strong>Golfo de Morbihan<\/strong>\u00a0(530 hect\u00e1reas).<\/p><p>Con su riqueza de especies, el lugar est\u00e1 reconocido en Europa como una de las zonas m\u00e1s notables por su biodiversidad, y en particular por sus aves acu\u00e1ticas. Elegante avoceta, esp\u00e1tula blanca, tarro blanco, mariposas multicolores, insectos sorprendentes, plantas palustres... cada estaci\u00f3n reserva sus sorpresas.<\/p><p>Descubra esta m\u00e1gica zona en oto\u00f1o bajo el sol: \u00a1sensaci\u00f3n de verano indio garantizada!<\/p>\t\t\t\t\t\t\t\t<\/div>\n\t\t\t\t<\/div>\n\t\t\t\t<div class=\"elementor-element elementor-element-177a7b4 elementor-widget__width-initial elementor-widget elementor-widget-image\" data-id=\"177a7b4\" data-element_type=\"widget\" data-widget_type=\"image.default\">\n\t\t\t\t<div class=\"elementor-widget-container\">\n\t\t\t\t\t\t\t\t\t\t\t\t\t\t\t<img decoding=\"async\" width=\"760\" height=\"525\" src=\"https:\/\/www.bestwestern-vannescentre.com\/wp-content\/uploads\/2024\/07\/sene_reservenaturelledesene-\u00a9a.lamoureux-1995x1330-1.jpg\" class=\"attachment-full size-full wp-image-4677\" alt=\"\" srcset=\"https:\/\/www.bestwestern-vannescentre.com\/wp-content\/uploads\/2024\/07\/sene_reservenaturelledesene-\u00a9a.lamoureux-1995x1330-1.jpg 760w, https:\/\/www.bestwestern-vannescentre.com\/wp-content\/uploads\/2024\/07\/sene_reservenaturelledesene-\u00a9a.lamoureux-1995x1330-1-300x207.jpg 300w, https:\/\/www.bestwestern-vannescentre.com\/wp-content\/uploads\/2024\/07\/sene_reservenaturelledesene-\u00a9a.lamoureux-1995x1330-1-18x12.jpg 18w\" sizes=\"(max-width: 760px) 100vw, 760px\" title=\"\">\t\t\t\t\t\t\t\t\t\t\t\t\t\t\t<\/div>\n\t\t\t\t<\/div>\n\t\t\t\t<div class=\"elementor-element elementor-element-d0dc316 elementor-widget elementor-widget-text-editor\" data-id=\"d0dc316\" data-element_type=\"widget\" data-widget_type=\"text-editor.default\">\n\t\t\t\t<div class=\"elementor-widget-container\">\n\t\t\t\t\t\t\t\t\t<h2 class=\"content_cms\">En bicicleta por las Landas de Lanvaux<\/h2><p>Sum\u00e9rjase en el maquis de la Resistencia bretona durante este\u00a0<strong>paseo natural en bicicleta<\/strong>\u00a0de 29 kil\u00f3metros. Partiendo de Malestroit, tambi\u00e9n conocida como la \"Perla del Oust\", las Landas de Lanvaux le invitan a descubrir el rico patrimonio natural e hist\u00f3rico de la regi\u00f3n.<\/p><p>La ruta est\u00e1 marcada por flechas de aluminio con el logotipo de la bicicleta y el n\u00famero de bucle.\u00a0<strong>bicicleta de paseo<\/strong>\u00a0(n\u00b017). Visite el sitio web Destination Broc\u00e9liande para dar su opini\u00f3n sobre este recorrido o descubrir otros.\u00a0<strong>paseos y\u00a0<a title=\"paseos cerca de vannes\" href=\"https:\/\/www.broceliande-vacances.com\/\" target=\"_blank\" rel=\"noopener noreferrer nofollow\">paseos cerca de vannes<\/a><\/strong>.<\/p>\t\t\t\t\t\t\t\t<\/div>\n\t\t\t\t<\/div>\n\t\t\t\t<div class=\"elementor-element elementor-element-024f656 elementor-widget__width-initial elementor-widget elementor-widget-image\" data-id=\"024f656\" data-element_type=\"widget\" data-widget_type=\"image.default\">\n\t\t\t\t<div class=\"elementor-widget-container\">\n\t\t\t\t\t\t\t\t\t\t\t\t\t\t\t<img loading=\"lazy\" decoding=\"async\" width=\"1747\" height=\"1240\" src=\"https:\/\/www.bestwestern-vannescentre.com\/wp-content\/uploads\/2024\/07\/Vignettes-ARTICLES-TOURISME-ET-AUTRES-ConvertImage.jpg\" class=\"attachment-full size-full wp-image-4678\" alt=\"\" srcset=\"https:\/\/www.bestwestern-vannescentre.com\/wp-content\/uploads\/2024\/07\/Vignettes-ARTICLES-TOURISME-ET-AUTRES-ConvertImage.jpg 1747w, https:\/\/www.bestwestern-vannescentre.com\/wp-content\/uploads\/2024\/07\/Vignettes-ARTICLES-TOURISME-ET-AUTRES-ConvertImage-300x213.jpg 300w, https:\/\/www.bestwestern-vannescentre.com\/wp-content\/uploads\/2024\/07\/Vignettes-ARTICLES-TOURISME-ET-AUTRES-ConvertImage-1024x727.jpg 1024w, https:\/\/www.bestwestern-vannescentre.com\/wp-content\/uploads\/2024\/07\/Vignettes-ARTICLES-TOURISME-ET-AUTRES-ConvertImage-768x545.jpg 768w, https:\/\/www.bestwestern-vannescentre.com\/wp-content\/uploads\/2024\/07\/Vignettes-ARTICLES-TOURISME-ET-AUTRES-ConvertImage-1536x1090.jpg 1536w, https:\/\/www.bestwestern-vannescentre.com\/wp-content\/uploads\/2024\/07\/Vignettes-ARTICLES-TOURISME-ET-AUTRES-ConvertImage-18x12.jpg 18w\" sizes=\"(max-width: 1747px) 100vw, 1747px\" title=\"\">\t\t\t\t\t\t\t\t\t\t\t\t\t\t\t<\/div>\n\t\t\t\t<\/div>\n\t\t\t\t<div class=\"elementor-element elementor-element-add4fad elementor-widget elementor-widget-text-editor\" data-id=\"add4fad\" data-element_type=\"widget\" data-widget_type=\"text-editor.default\">\n\t\t\t\t<div class=\"elementor-widget-container\">\n\t\t\t\t\t\t\t\t\t<h2 class=\"content_cms\">Visitar el castillo de Suscinio<\/h2><p>Rodeado de bosques y marismas, el\u00a0<a title=\"Domaine de Suscinio\" href=\"https:\/\/www.suscinio.fr\/\" target=\"_blank\" rel=\"noopener noreferrer nofollow\">Domaine de Suscinio<\/a>\u00a0es una joya medieval \u00fanica en el coraz\u00f3n del\u00a0<strong>Pen\u00ednsula de Rhuys<\/strong>.<\/p><p>Antigua residencia de los duques de Breta\u00f1a, este castillo est\u00e1 impregnado de ocho siglos de historia y aventuras.<\/p><p>Registrado en\u00a0<strong>Monumentos hist\u00f3ricos<\/strong>El castillo ofrece nuevos eventos a lo largo del a\u00f1o, como visitas inmersivas al castillo, recreaciones de campamentos de caza, tiro con ballesta y, en verano, un espect\u00e1culo nocturno de luz y sonido proyectado en las paredes...<\/p><p>El Domaine de Suscinio est\u00e1 enclavado en una delicada zona natural rica en maravillosa flora y fauna. Desde\u00a0<strong>visitas guiadas<\/strong>\u00a0para descubrir estos entornos naturales y las especies que los habitan.\u00a0<strong>rutas de senderismo<\/strong>\u00a0le llevar\u00e1 por esta zona de gran biodiversidad.<\/p>\t\t\t\t\t\t\t\t<\/div>\n\t\t\t\t<\/div>\n\t\t\t\t<div class=\"elementor-element elementor-element-131308c elementor-widget__width-initial elementor-widget elementor-widget-image\" data-id=\"131308c\" data-element_type=\"widget\" data-widget_type=\"image.default\">\n\t\t\t\t<div class=\"elementor-widget-container\">\n\t\t\t\t\t\t\t\t\t\t\t\t\t\t\t<img loading=\"lazy\" decoding=\"async\" width=\"1748\" height=\"1240\" src=\"https:\/\/www.bestwestern-vannescentre.com\/wp-content\/uploads\/2024\/07\/chateau-de-Suscinio.jpg\" class=\"attachment-full size-full wp-image-4679\" alt=\"\" srcset=\"https:\/\/www.bestwestern-vannescentre.com\/wp-content\/uploads\/2024\/07\/chateau-de-Suscinio.jpg 1748w, https:\/\/www.bestwestern-vannescentre.com\/wp-content\/uploads\/2024\/07\/chateau-de-Suscinio-300x213.jpg 300w, https:\/\/www.bestwestern-vannescentre.com\/wp-content\/uploads\/2024\/07\/chateau-de-Suscinio-1024x726.jpg 1024w, https:\/\/www.bestwestern-vannescentre.com\/wp-content\/uploads\/2024\/07\/chateau-de-Suscinio-768x545.jpg 768w, https:\/\/www.bestwestern-vannescentre.com\/wp-content\/uploads\/2024\/07\/chateau-de-Suscinio-1536x1090.jpg 1536w, https:\/\/www.bestwestern-vannescentre.com\/wp-content\/uploads\/2024\/07\/chateau-de-Suscinio-18x12.jpg 18w\" sizes=\"(max-width: 1748px) 100vw, 1748px\" title=\"\">\t\t\t\t\t\t\t\t\t\t\t\t\t\t\t<\/div>\n\t\t\t\t<\/div>\n\t\t\t\t<div class=\"elementor-element elementor-element-55639cc elementor-widget elementor-widget-text-editor\" data-id=\"55639cc\" data-element_type=\"widget\" data-widget_type=\"text-editor.default\">\n\t\t\t\t<div class=\"elementor-widget-container\">\n\t\t\t\t\t\t\t\t\t<h2 class=\"content_cms\">Celebraci\u00f3n de Halloween en Morbihan<\/h2><p>Muchos centros de ocio ofrecen actividades tem\u00e1ticas de Halloween durante las vacaciones.\u00a0<strong>Fiestas de Todos los Santos<\/strong>. En esta \u00e9poca del a\u00f1o, cuando el fr\u00edo aprieta, \u00a1un paseo por el legendario bosque de Broc\u00e9liande se convierte en algo terriblemente m\u00e1gico! Admire el\u00a0<strong>Colores oto\u00f1ales en Morbihan<\/strong>, El tiempo ser\u00e1 bueno, con hojas ca\u00eddas y temperaturas suaves.<\/p><p>\u00a0<\/p><h3 class=\"content_cms\"><strong>Su hotel Best Western Plus Vannes Centre-ville, para un final de d\u00eda relajante\u00a0<\/strong><\/h3><p>Nuestro establecimiento est\u00e1 situado cerca de muchas de las playas del\u00a0<strong>Morbihan Sur<\/strong>Desde la pen\u00ednsula de Rhuys hasta la bah\u00eda de Quiberon, no le faltar\u00e1 donde elegir. Al final del d\u00eda, aproveche nuestro \u00edntimo patio para disfrutar de una copa, por qu\u00e9 no aprovechar para saborear una copa de vino o uno de nuestros <strong><a href=\"https:\/\/www.bestwestern-vannescentre.com\/es\/FR\/actus\/le-cocktail-du-mois-194.html\/\">c\u00f3cteles<\/a><\/strong>.<\/p><p>Nuestra\u00a0<strong><a href=\"https:\/\/www.bestwestern-vannescentre.com\/es\/chambre-vannes.html\/\">habitaciones de hotel vannes<\/a><\/strong>Nuestras habitaciones, recientemente renovadas, tienen aire acondicionado. Nuestra ropa de cama tambi\u00e9n incluye acogedores edredones, cubrecolchones y almohadas a la vez gruesos y ligeros para su comodidad. Todo lo que necesita para dormir bien y disfrutar de su estancia en Vannes.\u00a0<\/p><p><em><strong>Ya sea en un acogedor caf\u00e9, paseando por la playa o caminando por el bosque, el aire fresco y la diversi\u00f3n le esperan en Morbihan este oto\u00f1o.<\/strong><\/em><\/p>\t\t\t\t\t\t\t\t<\/div>\n\t\t\t\t<\/div>\n\t\t\t\t\t<\/div>\n\t\t\t\t<\/div>\n\t\t\t\t<\/div>","protected":false},"excerpt":{"rendered":"<p>Descubra Morbihan en oto\u00f1o \u00bfQu\u00e9 hacer en oto\u00f1o en el Sur de Breta\u00f1a? Le proponemos algunas ideas para disfrutar de los colores del oto\u00f1o durante su estancia en el golfo de Morbihan. Descubrimientos, actividades de ocio, actividades en familia, paseos por la naturaleza... Tenemos muchas ideas para mantenerle ocupado. Aqu\u00ed tiene nuestra selecci\u00f3n de actividades oto\u00f1ales en la regi\u00f3n de Morbihan: El [...]<\/p>","protected":false},"author":8,"featured_media":4678,"comment_status":"closed","ping_status":"closed","sticky":false,"template":"","format":"standard","meta":{"_acf_changed":false,"inline_featured_image":false,"footnotes":""},"categories":[17],"tags":[],"class_list":["post-4674","post","type-post","status-publish","format-standard","has-post-thumbnail","hentry","category-actualites"],"acf":[],"_links":{"self":[{"href":"https:\/\/www.bestwestern-vannescentre.com\/es\/wp-json\/wp\/v2\/posts\/4674","targetHints":{"allow":["GET"]}}],"collection":[{"href":"https:\/\/www.bestwestern-vannescentre.com\/es\/wp-json\/wp\/v2\/posts"}],"about":[{"href":"https:\/\/www.bestwestern-vannescentre.com\/es\/wp-json\/wp\/v2\/types\/post"}],"author":[{"embeddable":true,"href":"https:\/\/www.bestwestern-vannescentre.com\/es\/wp-json\/wp\/v2\/users\/8"}],"replies":[{"embeddable":true,"href":"https:\/\/www.bestwestern-vannescentre.com\/es\/wp-json\/wp\/v2\/comments?post=4674"}],"version-history":[{"count":16,"href":"https:\/\/www.bestwestern-vannescentre.com\/es\/wp-json\/wp\/v2\/posts\/4674\/revisions"}],"predecessor-version":[{"id":6280,"href":"https:\/\/www.bestwestern-vannescentre.com\/es\/wp-json\/wp\/v2\/posts\/4674\/revisions\/6280"}],"wp:featuredmedia":[{"embeddable":true,"href":"https:\/\/www.bestwestern-vannescentre.com\/es\/wp-json\/wp\/v2\/media\/4678"}],"wp:attachment":[{"href":"https:\/\/www.bestwestern-vannescentre.com\/es\/wp-json\/wp\/v2\/media?parent=4674"}],"wp:term":[{"taxonomy":"category","embeddable":true,"href":"https:\/\/www.bestwestern-vannescentre.com\/es\/wp-json\/wp\/v2\/categories?post=4674"},{"taxonomy":"post_tag","embeddable":true,"href":"https:\/\/www.bestwestern-vannescentre.com\/es\/wp-json\/wp\/v2\/tags?post=4674"}],"curies":[{"name":"wp","href":"https:\/\/api.w.org\/{rel}","templated":true}]}}