{"id":4929,"date":"2024-07-12T14:29:31","date_gmt":"2024-07-12T12:29:31","guid":{"rendered":"https:\/\/www.bestwestern-vannescentre.com\/?p=4929"},"modified":"2024-07-12T14:31:39","modified_gmt":"2024-07-12T12:31:39","slug":"nuestras-buenas-direcciones-en-vannes","status":"publish","type":"post","link":"https:\/\/www.bestwestern-vannescentre.com\/es\/nuestras-buenas-direcciones-en-vannes\/","title":{"rendered":"Nuestras buenas direcciones en Vannes"},"content":{"rendered":"<div data-elementor-type=\"wp-post\" data-elementor-id=\"4929\" class=\"elementor elementor-4929\" data-elementor-post-type=\"post\">\n\t\t\t\t<div class=\"elementor-element elementor-element-310d43b9 e-flex e-con-boxed e-con e-parent\" data-id=\"310d43b9\" data-element_type=\"container\">\n\t\t\t\t\t<div class=\"e-con-inner\">\n\t\t\t\t<div class=\"elementor-element elementor-element-91530c3 elementor-widget elementor-widget-text-editor\" data-id=\"91530c3\" data-element_type=\"widget\" data-widget_type=\"text-editor.default\">\n\t\t\t\t<div class=\"elementor-widget-container\">\n\t\t\t\t\t\t\t\t\t<h2>Bebidas y comida al paso en Vannes \u00a0<\/h2><h3 class=\"content_cms\"><strong>Le Piano Barge<\/strong><\/h3><p><strong>Alojarse en Vannes<\/strong>\u00bfBusca relajarse y pasar un buen rato en un local original y de moda?<\/p><p><a title=\"Le Piano Barge\" href=\"http:\/\/www.pianobarge.com\/Page\/Accueil\" target=\"_blank\" rel=\"noopener noreferrer nofollow\">Le Piano Barge<\/a>\u00a0es un bar de c\u00f3cteles y restaurante instalado a bordo de un barco renovado en el puerto de Vannes. Es el lugar perfecto para disfrutar de una bebida caliente al final del d\u00eda en oto\u00f1o, o comer algo con los amigos el fin de semana. Y si le gusta la m\u00fasica, podr\u00e1 disfrutar de una copa y un concierto los martes y viernes por la noche:\u00a0<strong>ambiente c\u00e1lido y acogedor<\/strong>\u00a0\u00a1Garantizado!<\/p>\t\t\t\t\t\t\t\t<\/div>\n\t\t\t\t<\/div>\n\t\t<div class=\"elementor-element elementor-element-ae12946 e-con-full e-flex e-con e-child\" data-id=\"ae12946\" data-element_type=\"container\">\n\t\t\t\t<div class=\"elementor-element elementor-element-06eb12f elementor-widget__width-initial elementor-widget elementor-widget-image\" data-id=\"06eb12f\" data-element_type=\"widget\" data-widget_type=\"image.default\">\n\t\t\t\t<div class=\"elementor-widget-container\">\n\t\t\t\t\t\t\t\t\t\t\t\t\t\t\t<img fetchpriority=\"high\" decoding=\"async\" width=\"800\" height=\"533\" src=\"https:\/\/www.bestwestern-vannescentre.com\/wp-content\/uploads\/2024\/07\/piano-barge-BD.jpg\" class=\"attachment-large size-large wp-image-4934\" alt=\"\" srcset=\"https:\/\/www.bestwestern-vannescentre.com\/wp-content\/uploads\/2024\/07\/piano-barge-BD.jpg 900w, https:\/\/www.bestwestern-vannescentre.com\/wp-content\/uploads\/2024\/07\/piano-barge-BD-300x200.jpg 300w, https:\/\/www.bestwestern-vannescentre.com\/wp-content\/uploads\/2024\/07\/piano-barge-BD-768x512.jpg 768w, https:\/\/www.bestwestern-vannescentre.com\/wp-content\/uploads\/2024\/07\/piano-barge-BD-18x12.jpg 18w\" sizes=\"(max-width: 800px) 100vw, 800px\" title=\"\">\t\t\t\t\t\t\t\t\t\t\t\t\t\t\t<\/div>\n\t\t\t\t<\/div>\n\t\t\t\t<\/div>\n\t\t\t\t<div class=\"elementor-element elementor-element-58ed133 elementor-widget elementor-widget-text-editor\" data-id=\"58ed133\" data-element_type=\"widget\" data-widget_type=\"text-editor.default\">\n\t\t\t\t<div class=\"elementor-widget-container\">\n\t\t\t\t\t\t\t\t\t<p><strong>Le Piano Barge<\/strong>\u00a0tambi\u00e9n est\u00e1 disponible para recepciones, bodas y otros eventos privados para un m\u00e1ximo de 150 personas, con la opci\u00f3n de alquiler privado.<\/p><p><strong>&gt; INFORMACI\u00d3N PR\u00c1CTICA<\/strong><\/p><p>Abierto para comer de martes a viernes y para cenar de martes a s\u00e1bado a partir de las 18.00 horas.<\/p><p>Direcci\u00f3n:\u00a0<\/p><p>All\u00e9e Lo\u00efc Caradec<\/p><p>56000 Vannes<\/p><p>\u00a0<\/p><h3 class=\"content_cms\"><strong>Chez Marcelle<\/strong><\/h3><p>Situado en el centro hist\u00f3rico de Vannes, el restaurante\u00a0<a title=\"Chez Marcelle\" href=\"https:\/\/www.facebook.com\/chezmarcellevannes\/\" target=\"_blank\" rel=\"noopener noreferrer nofollow\">Chez Marcelle<\/a>\u00a0le recibe como si estuviera en su casa para degustar una tabla de embutidos, pescados ahumados u ostras acompa\u00f1ados de una buena copa de vino: el\u00a0<strong>la escapada gastron\u00f3mica perfecta este oto\u00f1o<\/strong>\u00a0\u00a1! Cocina sencilla y minimalista, pero con buenos productos locales.<\/p><p>Si pasa por aqu\u00ed para tomar un tentempi\u00e9, hay mucho para toda la familia:\u00a0<strong>Chez Marcelle<\/strong>\u00a0podr\u00e1 descubrir (o redescubrir) algunos postres bretones imprescindibles, como el far o el Kouign Amann... \u00a1un toque dulce que pone a todos de acuerdo!<\/p><p><strong>&gt; INFORMACI\u00d3N PR\u00c1CTICA<\/strong><\/p><p>Abierto de mi\u00e9rcoles a domingo.<\/p><p>Direcci\u00f3n:<\/p><p>13 Rue Saint-Guenha\u00ebl<\/p><p>56000 Vannes<\/p><p>\u00a0<\/p><p>\u00a0<\/p><div><strong><em>Mientras espera la reapertura de bares y restaurantes, podr\u00e1 degustar sabrosos manjares paseando por Vannes...<\/em><\/strong><\/div><div>\u00a0<\/div><div>\u00a0<\/div><div>\u00a0<h3 class=\"content_cms\"><strong>Les N\u00e9nettes<\/strong><\/h3><p><a title=\"Chocolater\u00eda Les N\u00e9nettes en Vannes\" href=\"https:\/\/www.chocolatslesnenettes.com\/\" target=\"_blank\" rel=\"noopener noreferrer nofollow\">Les N\u00e9nettes<\/a>\u00a0son chocolateros, pasteleros y baristas en Les Halles des Lices de Vannes. Disfrute de deliciosos manjares con una bebida caliente... \u00a1cuidado con los amantes del chocolate!<\/p><p><strong>&gt; INFORMACI\u00d3N PR\u00c1CTICA<\/strong><\/p><p>Abierto todos los d\u00edas de 8.30 a 14.00 horas, cerrado los lunes.<\/p><p>Direcci\u00f3n:<\/p><p>Halles des Lices<\/p><p>4 Place des Lices<\/p><p>56000 Vannes<\/p><\/div><div>\u00a0<\/div><div>\u00a0<\/div><div>\u00a0<div><h3 class=\"content_cms\"><strong>Delicatessen Panader\u00eda Vannes<\/strong><\/h3><p>Esta pasteler\u00eda y restauraci\u00f3n tradicional ofrece pasteles y galletas para llevar, boller\u00eda francesa e inglesa, tartas dulces y saladas y s\u00e1ndwiches caseros 100 %.<\/p><p>Cada creaci\u00f3n se elabora in situ, hasta el pan de los bocadillos, con los mejores ingredientes.<br \/>materias primas naturales. En la medida de lo posible, estas materias primas son locales y proceden en parte de la agricultura.<br \/>ecol\u00f3gicos o sostenibles, respetando al mismo tiempo el car\u00e1cter estacional de nuestros productos.<\/p><p>Tambi\u00e9n fabrican productos sin gluten y sin lactosa, \u00a1as\u00ed que hay para todos los gustos!<\/p><p>\u00a0<\/p><p><strong>&gt; INFORMACI\u00d3N PR\u00c1CTICA<\/strong><\/p><p>Lunes, de 10.00 a 15.00 horas<br \/>Martes, de 10.00 a 15.00 horas<br \/>Mi\u00e9rcoles\u00a0<strong>Cerrado<\/strong><br \/>Jueves, de 10.00 a 15.00 horas<br \/>Viernes 10h-19h<br \/>S\u00e1bado de 10.00 a 19.00 horas<br \/>Domingo\u00a0<strong>Cerrado<\/strong><\/p><p>Direcci\u00f3n:<\/p><p>20 Rue Emile Burgault<\/p><p>56000 Vannes<\/p><\/div><div>\u00a0<\/div><\/div><div>\u00a0<\/div><div>\u00a0<\/div><h2 class=\"content_cms\">Compras en Vannes<\/h2><h3 class=\"content_cms\"><strong>Terre de F\u00e8ves<\/strong><\/h3><p>Qui\u00e9n dice\u00a0<strong>delicias dulces<\/strong>\u00a1dice CHOCOLAT!<\/p><p><a title=\"Terre de F\u00e8ves\" href=\"https:\/\/terredefeves.com\/\" target=\"_blank\" rel=\"noopener noreferrer nofollow\">Terre de F\u00e8ves<\/a>es un\u00a0<strong>100% f\u00e1brica de chocolate artesanal y ecol\u00f3gico<\/strong>\u00a0en el coraz\u00f3n de la ciudad de Vannes: \u00a1el chocolate se elabora all\u00ed desde el grano de cacao hasta la tableta y tiene un sabor \u00fanico! Ya sea para las fiestas o para una ocasi\u00f3n especial, seguro que encontrar\u00e1 lo que busca en nuestra selecci\u00f3n de tabletas de chocolate y cajas de regalo: \u00a1ahora es el momento de darse un capricho!<\/p>\t\t\t\t\t\t\t\t<\/div>\n\t\t\t\t<\/div>\n\t\t\t\t<div class=\"elementor-element elementor-element-cae42b9 elementor-widget__width-initial elementor-widget elementor-widget-image\" data-id=\"cae42b9\" data-element_type=\"widget\" data-widget_type=\"image.default\">\n\t\t\t\t<div class=\"elementor-widget-container\">\n\t\t\t\t\t\t\t\t\t\t\t\t\t\t\t<img decoding=\"async\" width=\"800\" height=\"600\" src=\"https:\/\/www.bestwestern-vannescentre.com\/wp-content\/uploads\/2024\/07\/cacao.jpg\" class=\"attachment-large size-large wp-image-4935\" alt=\"\" srcset=\"https:\/\/www.bestwestern-vannescentre.com\/wp-content\/uploads\/2024\/07\/cacao.jpg 1000w, https:\/\/www.bestwestern-vannescentre.com\/wp-content\/uploads\/2024\/07\/cacao-300x225.jpg 300w, https:\/\/www.bestwestern-vannescentre.com\/wp-content\/uploads\/2024\/07\/cacao-768x576.jpg 768w, https:\/\/www.bestwestern-vannescentre.com\/wp-content\/uploads\/2024\/07\/cacao-16x12.jpg 16w\" sizes=\"(max-width: 800px) 100vw, 800px\" title=\"\">\t\t\t\t\t\t\t\t\t\t\t\t\t\t\t<\/div>\n\t\t\t\t<\/div>\n\t\t\t\t<div class=\"elementor-element elementor-element-b4e39b4 elementor-widget elementor-widget-text-editor\" data-id=\"b4e39b4\" data-element_type=\"widget\" data-widget_type=\"text-editor.default\">\n\t\t\t\t<div class=\"elementor-widget-container\">\n\t\t\t\t\t\t\t\t\t<p>HAZ TU PROPIA TABLETA DE CHOCOLATE<\/p><p><strong>Terre de F\u00e8ves<\/strong>tambi\u00e9n es EL LUGAR para compartir un\u00a0<strong>pasar un rato agradable y divertido con la familia y los amigos<\/strong>\u00a0Participe en talleres de chocolate y elabore su propia tableta de chocolate.\u00a0<\/p><p><strong>&gt; INFORMACI\u00d3N PR\u00c1CTICA\u00a0<\/strong><\/p><p>Abierto los martes de 14.00 a 19.00 h. y de mi\u00e9rcoles a s\u00e1bado de 9.30 a 12.30 h. y de 14.00 a 19.00 h.<\/p><p>Direcci\u00f3n:<\/p><div class=\"jetpack-address__address jetpack-address__address1\">26 place des Lices<\/div><div class=\"jetpack-address__address jetpack-address__address1\"><span class=\"jetpack-address__city\">56000 Vannes<\/span><\/div><p>\u00a0<\/p><h3 class=\"content_cms\">Ultra Naranja<\/h3><p><a title=\"Ultra Naranja\" href=\"https:\/\/www.ultraorange.fr\/\" target=\"_blank\" rel=\"noopener noreferrer nofollow\">Ultra Naranja<\/a>\u00a0es una marca con un universo retro pero moderno. Sus 3 tiendas est\u00e1n situadas\u00a0<strong>en el centro de Vannes<\/strong>\u00a0y ofrecen no s\u00f3lo originales piezas de pr\u00eat-\u00e0-porter procedentes de ex\u00f3ticos rincones de Asia y Europa, sino tambi\u00e9n objetos de decoraci\u00f3n de moda y muebles inspirados en los a\u00f1os 50.<\/p><p>Boutiques originales e inspiradoras, ideales para regalos o ideas de decoraci\u00f3n...<\/p><p><strong>&gt; INFORMACI\u00d3N PR\u00c1CTICA<\/strong><\/p><p>Abierto los lunes de 14.00 a 19.00 horas, y de martes a s\u00e1bado de 10.30 a 13.00 horas y de 14.00 a 19.00 horas.<\/p><p>Direcci\u00f3n:\u00a0<\/p><p>Calle Emilie Burgault<\/p><p>56000 Vannes<\/p><p>\u00a0<\/p><h3 class=\"content_cms\">Ma Kibell<\/h3><p>Descubra esta boutique en el coraz\u00f3n de Vannes, que ofrece cosm\u00e9ticos bretones hechos a mano con productos naturales.\u00a0<a title=\"Sitio web de Ma Kibell Bretagne\" href=\"https:\/\/makibell.com\/\" target=\"_blank\" rel=\"noopener noreferrer nofollow\">Ma Kibell<\/a>\u00a0te ofrece todo lo que necesitas para estar guapa utilizando productos buenos, locales y originales.<\/p><p><strong>&gt; INFORMACI\u00d3N PR\u00c1CTICA<\/strong><\/p><p>Abierto de lunes a domingo de 10.00 a 19.00 horas<\/p><p>Direcci\u00f3n:<\/p><p>1 Rue des Vierges<\/p><p>56000 Vannes<\/p><p>\u00a0<\/p><p>\u00a0<\/p><h2 class=\"content_cms\">Al\u00f3jese en nuestro hotel de 4 estrellas en Vannes<\/h2><p>Nuestro hotel\u00a0<strong>Best Western Plus Vannes Centre<\/strong>\u00a0est\u00e1 idealmente situado: a dos pasos del centro de Vannes, le permite descubrir y disfrutar de estas buenas direcciones y pasar una buena noche y una estancia 100% relajante en uno de nuestros\u00a0<a title=\"habitaciones \" href=\"https:\/\/www.bestwestern-vannescentre.com\/es\/chambre-vannes.html\/\" target=\"_blank\" rel=\"noopener noreferrer\">habitaciones confortables<\/a>. Adem\u00e1s, ofrecemos\u00a0<strong>habitaciones d\u00faplex<\/strong>\u00a0para acogerle durante sus vacaciones familiares.<\/p>\t\t\t\t\t\t\t\t<\/div>\n\t\t\t\t<\/div>\n\t\t\t\t<div class=\"elementor-element elementor-element-5629e7b elementor-widget__width-initial elementor-widget elementor-widget-image\" data-id=\"5629e7b\" data-element_type=\"widget\" data-widget_type=\"image.default\">\n\t\t\t\t<div class=\"elementor-widget-container\">\n\t\t\t\t\t\t\t\t\t\t\t\t\t\t\t<img decoding=\"async\" width=\"650\" height=\"488\" src=\"https:\/\/www.bestwestern-vannescentre.com\/wp-content\/uploads\/2024\/07\/visuel-BW-Patio.png\" class=\"attachment-large size-large wp-image-4936\" alt=\"\" srcset=\"https:\/\/www.bestwestern-vannescentre.com\/wp-content\/uploads\/2024\/07\/visuel-BW-Patio.png 650w, https:\/\/www.bestwestern-vannescentre.com\/wp-content\/uploads\/2024\/07\/visuel-BW-Patio-300x225.png 300w, https:\/\/www.bestwestern-vannescentre.com\/wp-content\/uploads\/2024\/07\/visuel-BW-Patio-16x12.png 16w\" sizes=\"(max-width: 650px) 100vw, 650px\" title=\"\">\t\t\t\t\t\t\t\t\t\t\t\t\t\t\t<\/div>\n\t\t\t\t<\/div>\n\t\t\t\t<div class=\"elementor-element elementor-element-f52a151 elementor-widget elementor-widget-text-editor\" data-id=\"f52a151\" data-element_type=\"widget\" data-widget_type=\"text-editor.default\">\n\t\t\t\t<div class=\"elementor-widget-container\">\n\t\t\t\t\t\t\t\t\t<p>Tambi\u00e9n puede\u00a0<strong>disfrutar de una buena comida<\/strong>\u00a0en un ambiente de bistr\u00f3 contempor\u00e1neo en nuestro restaurante\u00a0<a title=\"Patio C\u00f4t\u00e9\" href=\"https:\/\/www.bestwestern-vannescentre.com\/es\/restaurant-vannes.html\/\" target=\"_blank\" rel=\"noopener noreferrer\">Patio C\u00f4t\u00e9<\/a>. En el men\u00fa: platos de aperitivo, ostras, tapas, sin olvidar una buena copa de vino. Y para los m\u00e1s peque\u00f1os, un men\u00fa infantil para toda la familia.\u00a0<\/p>\t\t\t\t\t\t\t\t<\/div>\n\t\t\t\t<\/div>\n\t\t\t\t\t<\/div>\n\t\t\t\t<\/div>\n\t\t\t\t<\/div>","protected":false},"excerpt":{"rendered":"<p>Tomar una copa y comer algo en Vannes Le Piano Barge Durante su estancia en Vannes, \u00bfle apetece relajarse y pasar un buen rato en un lugar original y de moda? Le Piano Barge es un bar de c\u00f3cteles y restaurante instalado a bordo de un barco renovado en el puerto de Vannes. Es un [...]<\/p>","protected":false},"author":8,"featured_media":4932,"comment_status":"closed","ping_status":"closed","sticky":false,"template":"","format":"standard","meta":{"_acf_changed":false,"inline_featured_image":false,"footnotes":""},"categories":[17],"tags":[],"class_list":["post-4929","post","type-post","status-publish","format-standard","has-post-thumbnail","hentry","category-actualites"],"acf":[],"_links":{"self":[{"href":"https:\/\/www.bestwestern-vannescentre.com\/es\/wp-json\/wp\/v2\/posts\/4929","targetHints":{"allow":["GET"]}}],"collection":[{"href":"https:\/\/www.bestwestern-vannescentre.com\/es\/wp-json\/wp\/v2\/posts"}],"about":[{"href":"https:\/\/www.bestwestern-vannescentre.com\/es\/wp-json\/wp\/v2\/types\/post"}],"author":[{"embeddable":true,"href":"https:\/\/www.bestwestern-vannescentre.com\/es\/wp-json\/wp\/v2\/users\/8"}],"replies":[{"embeddable":true,"href":"https:\/\/www.bestwestern-vannescentre.com\/es\/wp-json\/wp\/v2\/comments?post=4929"}],"version-history":[{"count":4,"href":"https:\/\/www.bestwestern-vannescentre.com\/es\/wp-json\/wp\/v2\/posts\/4929\/revisions"}],"predecessor-version":[{"id":4939,"href":"https:\/\/www.bestwestern-vannescentre.com\/es\/wp-json\/wp\/v2\/posts\/4929\/revisions\/4939"}],"wp:featuredmedia":[{"embeddable":true,"href":"https:\/\/www.bestwestern-vannescentre.com\/es\/wp-json\/wp\/v2\/media\/4932"}],"wp:attachment":[{"href":"https:\/\/www.bestwestern-vannescentre.com\/es\/wp-json\/wp\/v2\/media?parent=4929"}],"wp:term":[{"taxonomy":"category","embeddable":true,"href":"https:\/\/www.bestwestern-vannescentre.com\/es\/wp-json\/wp\/v2\/categories?post=4929"},{"taxonomy":"post_tag","embeddable":true,"href":"https:\/\/www.bestwestern-vannescentre.com\/es\/wp-json\/wp\/v2\/tags?post=4929"}],"curies":[{"name":"wp","href":"https:\/\/api.w.org\/{rel}","templated":true}]}}