{"id":5041,"date":"2025-04-15T12:30:10","date_gmt":"2025-04-15T10:30:10","guid":{"rendered":"https:\/\/www.bestwestern-vannescentre.com\/?p=5041"},"modified":"2025-04-29T11:32:42","modified_gmt":"2025-04-29T09:32:42","slug":"los-acontecimientos-en-bretana-lete-seran-calientes-en-vannes","status":"publish","type":"post","link":"https:\/\/www.bestwestern-vannescentre.com\/es\/los-acontecimientos-en-bretana-lete-seran-calientes-en-vannes\/","title":{"rendered":"Eventos en Breta\u00f1a - El verano ser\u00e1 caluroso en Vannes"},"content":{"rendered":"<div data-elementor-type=\"wp-post\" data-elementor-id=\"5041\" class=\"elementor elementor-5041\" data-elementor-post-type=\"post\">\n\t\t\t\t<div class=\"elementor-element elementor-element-310d43b9 e-flex e-con-boxed e-con e-parent\" data-id=\"310d43b9\" data-element_type=\"container\">\n\t\t\t\t\t<div class=\"e-con-inner\">\n\t\t\t\t<div class=\"elementor-element elementor-element-58ed133 elementor-widget elementor-widget-text-editor\" data-id=\"58ed133\" data-element_type=\"widget\" data-widget_type=\"text-editor.default\">\n\t\t\t\t<div class=\"elementor-widget-container\">\n\t\t\t\t\t\t\t\t\t<h2>Descubra la agenda de actos culturales, festivos, gastron\u00f3micos y deportivos del verano<\/h2><p>Cada verano, la ciudad de Vannes y el departamento de Morbihan ofrecen una amplia oferta de actividades.<strong>acontecimientos en Breta\u00f1a<\/strong>. En tierra o en el mar, festivales de m\u00fasica, eventos deportivos, exposiciones, fiestas monumentales, descubrimientos de la naturaleza o celebraciones tradicionales... Morbihan es el lugar ideal y le invita a descubrir la riqueza hist\u00f3rica y cultural del Sur de Breta\u00f1a.<\/p><p>\u00a0<\/p><h2>\u00bfQu\u00e9 acontecimientos le esperan durante su estancia en Vannes?<\/h2><p><strong><em>\u00a0Est\u00e1n pasando cosas en Morbihan... \u00a1que se sepa!\u00a0<\/em><\/strong><\/p><p>Durante su estancia en Vannes, encontrar\u00e1 en todas partes animaciones de todo tipo y para todos los gustos. De la cultura bretona a las manifestaciones musicales, de las regatas de vela a los monumentos festivos, Morbihan le invita a descubrir la riqueza hist\u00f3rica y cultural del sur de Breta\u00f1a desde todos los \u00e1ngulos.<\/p><p>En Morbihan hay mucho que descubrir y mucha diversi\u00f3n... Venga a disfrutar de los ritmos del\u00a0<strong>acontecimientos en Breta\u00f1a<\/strong>\u00a0!<\/p>\t\t\t\t\t\t\t\t<\/div>\n\t\t\t\t<\/div>\n\t\t\t\t<div class=\"elementor-element elementor-element-cae42b9 elementor-widget__width-initial elementor-widget elementor-widget-image\" data-id=\"cae42b9\" data-element_type=\"widget\" data-widget_type=\"image.default\">\n\t\t\t\t<div class=\"elementor-widget-container\">\n\t\t\t\t\t\t\t\t\t\t\t\t\t\t\t<img fetchpriority=\"high\" decoding=\"async\" width=\"800\" height=\"437\" src=\"https:\/\/www.bestwestern-vannescentre.com\/wp-content\/uploads\/2024\/07\/Evenement-morbihan-1024x559.jpg\" class=\"attachment-large size-large wp-image-5046\" alt=\"\" srcset=\"https:\/\/www.bestwestern-vannescentre.com\/wp-content\/uploads\/2024\/07\/Evenement-morbihan-1024x559.jpg 1024w, https:\/\/www.bestwestern-vannescentre.com\/wp-content\/uploads\/2024\/07\/Evenement-morbihan-300x164.jpg 300w, https:\/\/www.bestwestern-vannescentre.com\/wp-content\/uploads\/2024\/07\/Evenement-morbihan-768x419.jpg 768w, https:\/\/www.bestwestern-vannescentre.com\/wp-content\/uploads\/2024\/07\/Evenement-morbihan-18x10.jpg 18w, https:\/\/www.bestwestern-vannescentre.com\/wp-content\/uploads\/2024\/07\/Evenement-morbihan.jpg 1100w\" sizes=\"(max-width: 800px) 100vw, 800px\" title=\"\">\t\t\t\t\t\t\t\t\t\t\t\t\t\t\t<\/div>\n\t\t\t\t<\/div>\n\t\t\t\t<div class=\"elementor-element elementor-element-91530c3 elementor-widget elementor-widget-text-editor\" data-id=\"91530c3\" data-element_type=\"widget\" data-widget_type=\"text-editor.default\">\n\t\t\t\t<div class=\"elementor-widget-container\">\n\t\t\t\t\t\t\t\t\t<h2>Eventos que no debe perderse este verano en Morbihan<\/h2><p>En verano, el\u00a0<a title=\"eventos de verano bretagne Morbihan\" href=\"https:\/\/www.morbihan.com\/accueil\/agenda\/ca-bouge-en-morbihan\/principaux-evenements\" target=\"_blank\" rel=\"noopener noreferrer nofollow\"><strong>acontecimientos en Breta\u00f1a<\/strong><\/a>\u00a0\u00a1est\u00e1n dando la cara!<\/p><p>Hemos seleccionado algunos de los\u00a0<strong>eventos en Morbihan<\/strong>\u00a0no se lo pierda :<\/p><p>\u00a0<\/p><p><strong>-<\/strong>\u00a0 La\u00a0<strong>Festival de Breta\u00f1a<\/strong>del viernes 16 de mayo al domingo 25 de mayo de 2025, es un acontecimiento familiar \u00fanico, festivo y acogedor que muestra la cultura bretona. Muchos de los actos del programa son gratuitos.<\/p><p>\u00a0<\/p><p><strong>-<\/strong>\u00a0 Le\u00a0<strong>Festival de fotograf\u00eda de La Gacilly<\/strong> espera recibir a los visitantes en los jardines y callejuelas de este peque\u00f1o pueblo de Morbihan del 1 de junio al 5 de octubre de 2025.<\/p><p>\u00a0<\/p><p><strong>-<\/strong>\u00a0\u00a0<strong>Livr'\u00e0 Vannes<\/strong> se celebra del viernes 13 al domingo 15 de junio de 2025, en su 18\u00aa edici\u00f3n. Es la primera feria literaria general de Breta\u00f1a, con una media de 25.000 visitantes.<\/p><p>\u00a0<\/p><p><strong>- Fiesta de la m\u00fasica<\/strong> en Vannes el 21 de junio de 2025, un gran acontecimiento que le espera en el puerto de Vannes.<\/p><p>\u00a0<\/p><p><strong>-<\/strong>\u00a0 Le\u00a0<strong>Sendero Remparts de Vannes<\/strong> 22 de junio de 2025. Carrera de trail running en la que los participantes recorren 15 o 30 kil\u00f3metros por las calles y senderos, pasando por las murallas medievales y los monumentos hist\u00f3ricos de la ciudad.<\/p><p>\u00a0<\/p><p><strong>-<\/strong>\u00a0 L'<strong>Ultramar<\/strong>del 26 de junio al 29 de junio de 2025, propone carreras pedestres de 29 a 175 km alrededor de una de las bah\u00edas m\u00e1s bellas del mundo, el Golfe du Morbihan.<\/p><p>\u00a0<\/p><p><strong>- Festival Paka<\/strong>los d\u00edas 12 y 13 de julio de 2025 en La Trinit\u00e9 sur Mer. Evento de m\u00fasica electr\u00f3nica con DJ internacionales.<\/p><p>\u00a0<\/p><p><strong>-<\/strong>\u00a0 <strong>Vannes Echos Jazz<\/strong>Del 7 al 12 de julio de 2025, Vannes se convierte en la cita del verano con conciertos gratuitos de estrellas internacionales de pop, rock, funk, afro beat, electro, blues, influencias orientales...<\/p><p>\u00a0<\/p><p><strong>-<\/strong>\u00a0 En\u00a0<strong>Musicales du Golfe<\/strong>En su 34\u00aa edici\u00f3n, del 4 al 14 de agosto de 2025, har\u00e1 escala con m\u00fasicos de renombre internacional.<\/p><p>\u00a0<\/p><p><strong>-<\/strong>\u00a0 Le\u00a0<strong><a title=\"Festival Interc\u00e9ltico de Lorient\" href=\"https:\/\/www.bestwestern-vannescentre.com\/es\/FR\/actus\/festival-interceltique-lorient-hotel-best-western-4-etoiles-133.html\/\" target=\"_blank\" rel=\"noopener noreferrer\">Festival Interc\u00e9ltico de Lorient<\/a><\/strong>del 1 al 10 de agosto de 2025, es el mayor encuentro mundial de culturas celtas.<\/p><p>\u00a0<\/p><p><strong>-<\/strong>\u00a0 Le\u00a0<strong><a title=\"Festival d&#039;Arvor \u00e0 vannes en bretagne 2023\" href=\"https:\/\/www.bestwestern-vannescentre.com\/es\/FR\/actus\/fetes-d-arvor-a-vannes-hotel-4-etoiles-135.html\/\" target=\"_blank\" rel=\"noopener noreferrer\">Festival de Arvor<\/a><\/strong> del 14 al 17 de agosto de 2025. Un gran encuentro dedicado a la cultura bretona, con la elecci\u00f3n de la Reina de Arvor. Los suntuosos fuegos artificiales del 15 de agosto se disparar\u00e1n desde las murallas de Vannes, poniendo fin a tres d\u00edas de fiesta.<\/p><p>\u00a0<\/p><p><strong>-<\/strong>\u00a0 Le\u00a0<strong>Media marat\u00f3n Auray-Vannes<\/strong> El 14 de septiembre de 2025 es el acontecimiento deportivo del oto\u00f1o. Hay varias carreras y distancias disponibles (20 km, 10 km o 5 km).<\/p><p>\u00a0<\/p><p><em><strong>\u00a0L'<a title=\"Hotel Best Western Vannes\" href=\"https:\/\/www.bestwestern-vannescentre.com\/es\/\">Hotel Best Western en Vannes<\/a>\u00a0est\u00e1 en el coraz\u00f3n del centro de la ciudad y de las fiestas.\u00a0<\/strong><\/em><\/p>\t\t\t\t\t\t\t\t<\/div>\n\t\t\t\t<\/div>\n\t\t\t\t\t<\/div>\n\t\t\t\t<\/div>\n\t\t\t\t<\/div>","protected":false},"excerpt":{"rendered":"<p>Descubra la agenda de eventos culturales, festivos, gastron\u00f3micos y deportivos para el verano Cada verano, la ciudad de Vannes y el departamento de Morbihan ofrecen una amplia selecci\u00f3n de eventos en Breta\u00f1a. En tierra o en el mar, festivales de m\u00fasica, eventos deportivos, exposiciones, exposiciones monumentales, descubrimientos de la naturaleza o fiestas tradicionales... Morbihan tiene algo para todos los [...]<\/p>","protected":false},"author":8,"featured_media":5042,"comment_status":"closed","ping_status":"closed","sticky":false,"template":"","format":"standard","meta":{"_acf_changed":false,"inline_featured_image":false,"footnotes":""},"categories":[17],"tags":[],"class_list":["post-5041","post","type-post","status-publish","format-standard","has-post-thumbnail","hentry","category-actualites"],"acf":[],"_links":{"self":[{"href":"https:\/\/www.bestwestern-vannescentre.com\/es\/wp-json\/wp\/v2\/posts\/5041","targetHints":{"allow":["GET"]}}],"collection":[{"href":"https:\/\/www.bestwestern-vannescentre.com\/es\/wp-json\/wp\/v2\/posts"}],"about":[{"href":"https:\/\/www.bestwestern-vannescentre.com\/es\/wp-json\/wp\/v2\/types\/post"}],"author":[{"embeddable":true,"href":"https:\/\/www.bestwestern-vannescentre.com\/es\/wp-json\/wp\/v2\/users\/8"}],"replies":[{"embeddable":true,"href":"https:\/\/www.bestwestern-vannescentre.com\/es\/wp-json\/wp\/v2\/comments?post=5041"}],"version-history":[{"count":10,"href":"https:\/\/www.bestwestern-vannescentre.com\/es\/wp-json\/wp\/v2\/posts\/5041\/revisions"}],"predecessor-version":[{"id":6027,"href":"https:\/\/www.bestwestern-vannescentre.com\/es\/wp-json\/wp\/v2\/posts\/5041\/revisions\/6027"}],"wp:featuredmedia":[{"embeddable":true,"href":"https:\/\/www.bestwestern-vannescentre.com\/es\/wp-json\/wp\/v2\/media\/5042"}],"wp:attachment":[{"href":"https:\/\/www.bestwestern-vannescentre.com\/es\/wp-json\/wp\/v2\/media?parent=5041"}],"wp:term":[{"taxonomy":"category","embeddable":true,"href":"https:\/\/www.bestwestern-vannescentre.com\/es\/wp-json\/wp\/v2\/categories?post=5041"},{"taxonomy":"post_tag","embeddable":true,"href":"https:\/\/www.bestwestern-vannescentre.com\/es\/wp-json\/wp\/v2\/tags?post=5041"}],"curies":[{"name":"wp","href":"https:\/\/api.w.org\/{rel}","templated":true}]}}