{"id":5126,"date":"2024-07-16T09:38:28","date_gmt":"2024-07-16T07:38:28","guid":{"rendered":"https:\/\/www.bestwestern-vannescentre.com\/?p=5126"},"modified":"2025-04-29T11:35:48","modified_gmt":"2025-04-29T09:35:48","slug":"celebraciones-de-darvor-en-vannes-hotel-de-4-estrellas","status":"publish","type":"post","link":"https:\/\/www.bestwestern-vannescentre.com\/es\/celebraciones-de-darvor-en-vannes-hotel-de-4-estrellas\/","title":{"rendered":"F\u00eates d'Arvor en Vannes - Hotel 4 estrellas"},"content":{"rendered":"<div data-elementor-type=\"wp-post\" data-elementor-id=\"5126\" class=\"elementor elementor-5126\" data-elementor-post-type=\"post\">\n\t\t\t\t<div class=\"elementor-element elementor-element-310d43b9 e-con-full e-flex e-con e-parent\" data-id=\"310d43b9\" data-element_type=\"container\">\n\t\t\t\t<div class=\"elementor-element elementor-element-58ed133 elementor-widget elementor-widget-text-editor\" data-id=\"58ed133\" data-element_type=\"widget\" data-widget_type=\"text-editor.default\">\n\t\t\t\t<div class=\"elementor-widget-container\">\n\t\t\t\t\t\t\t\t\t<h2 class=\"content_cms\">La cultura bretona a la vista<\/h2><div class=\"intro\">\u00a0<\/div><div class=\"intro\">Del 14 al 17 de agosto de 2025, el <strong>Fiestas de Arvor<\/strong>\u00a0\u00e0\u00a0<a title=\"Lugares de inter\u00e9s en Vannes\" href=\"https:\/\/www.bestwestern-vannescentre.com\/es\/activites-vannes.html\/\">V\u00e1lvulas<\/a>\u00a0celebran el folclore bret\u00f3n.<br \/>L'<a title=\"Hotel Kyriad en Vannes\" href=\"https:\/\/www.kyriad-vannes.fr\/\" rel=\"nofollow noopener\" target=\"_blank\">hotel Best Western Plus Vannes Centre-ville\u00a0<\/a>es el punto de partida ideal para descubrir este acontecimiento.<\/div><div class=\"intro\">\u00a0<\/div><div class=\"intro\">\u00a0<\/div><div class=\"intro\"><p>Un sinf\u00edn de actividades dedicadas a la\u00a0<strong>cultura tradicional bretona<\/strong>\u00a0le esperan. A lo largo de cuatro d\u00edas, exposiciones, actuaciones de\u00a0<strong>bagado\u00f9<\/strong>a\u00a0<strong>fest-noz<\/strong>y desfiles de disfraces, as\u00ed como conciertos y presentaciones de la\u00a0<strong>Danza bretona<\/strong>\u00a0se organizan para disfrute de todos.<\/p><p>Las primeras F\u00eates d'Arvor se celebraron en 1928.\u00a0<br \/>Tras la coronaci\u00f3n de\u00a0<strong>Reina d'Arvor<\/strong>el gran\u00a0<strong>fuegos artificiales el 15 de agosto<\/strong>\u00a0en\u00a0<strong>murallas<\/strong>\u00a0de\u00a0<a href=\"https:\/\/www.france-voyage.com\/tourisme\/vannes-540.htm\" rel=\"nofollow noopener\" target=\"_blank\">V\u00e1lvulas<\/a>\u00a0pone fin a la fiesta.<\/p><\/div>\t\t\t\t\t\t\t\t<\/div>\n\t\t\t\t<\/div>\n\t\t<div class=\"elementor-element elementor-element-ecd2816 e-flex e-con-boxed e-con e-child\" data-id=\"ecd2816\" data-element_type=\"container\">\n\t\t\t\t\t<div class=\"e-con-inner\">\n\t\t\t\t<div class=\"elementor-element elementor-element-75e667f elementor-widget__width-initial elementor-widget elementor-widget-image\" data-id=\"75e667f\" data-element_type=\"widget\" data-widget_type=\"image.default\">\n\t\t\t\t<div class=\"elementor-widget-container\">\n\t\t\t\t\t\t\t\t\t\t\t\t\t\t\t<img fetchpriority=\"high\" decoding=\"async\" width=\"724\" height=\"1024\" src=\"https:\/\/www.bestwestern-vannescentre.com\/wp-content\/uploads\/2024\/07\/Menu-A4-image-1-724x1024.png\" class=\"attachment-large size-large wp-image-6029\" alt=\"\" srcset=\"https:\/\/www.bestwestern-vannescentre.com\/wp-content\/uploads\/2024\/07\/Menu-A4-image-1-724x1024.png 724w, https:\/\/www.bestwestern-vannescentre.com\/wp-content\/uploads\/2024\/07\/Menu-A4-image-1-212x300.png 212w, https:\/\/www.bestwestern-vannescentre.com\/wp-content\/uploads\/2024\/07\/Menu-A4-image-1-768x1086.png 768w, https:\/\/www.bestwestern-vannescentre.com\/wp-content\/uploads\/2024\/07\/Menu-A4-image-1-1086x1536.png 1086w, https:\/\/www.bestwestern-vannescentre.com\/wp-content\/uploads\/2024\/07\/Menu-A4-image-1-8x12.png 8w, https:\/\/www.bestwestern-vannescentre.com\/wp-content\/uploads\/2024\/07\/Menu-A4-image-1.png 1414w\" sizes=\"(max-width: 724px) 100vw, 724px\" title=\"\">\t\t\t\t\t\t\t\t\t\t\t\t\t\t\t<\/div>\n\t\t\t\t<\/div>\n\t\t\t\t\t<\/div>\n\t\t\t\t<\/div>\n\t\t\t\t<div class=\"elementor-element elementor-element-fa81718 elementor-widget elementor-widget-text-editor\" data-id=\"fa81718\" data-element_type=\"widget\" data-widget_type=\"text-editor.default\">\n\t\t\t\t<div class=\"elementor-widget-container\">\n\t\t\t\t\t\t\t\t\t<p>El hotel Best Western Plus Vannes centre-ville, f\u00e1cilmente accesible desde la N165, dispone de un\u00a0<strong>aparcamiento privado y vigilado.<\/strong>\u00a0Le\u00a0<strong>restaurante\u00a0<\/strong>contempor\u00e1neo<strong>\u00a0<a title=\"restaurante en Vannes\" href=\"https:\/\/www.bestwestern-vannescentre.com\/es\/restaurant-vannes.html\/\">Patio C\u00f4t\u00e9<\/a><\/strong>\u00a0ofrece cocina estilo bistr\u00f3 en un ambiente moderno y tropical. L'<a title=\"hotel Vannes centro ciudad\" href=\"https:\/\/www.bestwestern-vannescentre.com\/es\/\">hotel BEST WESTERN PLUS Vannes Centre-ville<\/a>\u00a0es perfecto para una estancia agradable en Vannes.<br \/><br \/><\/p><p>\u00a0<\/p><p><em>Para reservas en el<strong>hotel BEST WESTERN PLUS Vannes Centre-ville<\/strong>P\u00f3ngase en contacto con nosotros por tel\u00e9fono en el 02 97 63 20 20 o por correo electr\u00f3nico en\u00a0<a href=\"mailto:info@bestwestern-vannescentre.com\">info@bestwestern-vannescentre.com<\/a><\/em><\/p>\t\t\t\t\t\t\t\t<\/div>\n\t\t\t\t<\/div>\n\t\t\t\t<\/div>\n\t\t\t\t<\/div>","protected":false},"excerpt":{"rendered":"<p>La cultura bretona en escena Del 14 al 17 de agosto de 2025, las fiestas de Arvor en Vannes celebran el folclore bret\u00f3n. El hotel Best Western Plus Vannes Centre-ville es el punto de partida ideal para descubrir este acontecimiento.   Le esperan multitud de actividades dedicadas a la cultura tradicional bretona. Durante cuatro d\u00edas, habr\u00e1 exposiciones, espect\u00e1culos de bagado\u00f9, un fest-noz, desfiles de disfraces, as\u00ed como conciertos y otros muchos eventos.<\/p>","protected":false},"author":8,"featured_media":5114,"comment_status":"closed","ping_status":"closed","sticky":false,"template":"","format":"standard","meta":{"_acf_changed":false,"inline_featured_image":false,"footnotes":""},"categories":[17],"tags":[],"class_list":["post-5126","post","type-post","status-publish","format-standard","has-post-thumbnail","hentry","category-actualites"],"acf":[],"_links":{"self":[{"href":"https:\/\/www.bestwestern-vannescentre.com\/es\/wp-json\/wp\/v2\/posts\/5126","targetHints":{"allow":["GET"]}}],"collection":[{"href":"https:\/\/www.bestwestern-vannescentre.com\/es\/wp-json\/wp\/v2\/posts"}],"about":[{"href":"https:\/\/www.bestwestern-vannescentre.com\/es\/wp-json\/wp\/v2\/types\/post"}],"author":[{"embeddable":true,"href":"https:\/\/www.bestwestern-vannescentre.com\/es\/wp-json\/wp\/v2\/users\/8"}],"replies":[{"embeddable":true,"href":"https:\/\/www.bestwestern-vannescentre.com\/es\/wp-json\/wp\/v2\/comments?post=5126"}],"version-history":[{"count":7,"href":"https:\/\/www.bestwestern-vannescentre.com\/es\/wp-json\/wp\/v2\/posts\/5126\/revisions"}],"predecessor-version":[{"id":6032,"href":"https:\/\/www.bestwestern-vannescentre.com\/es\/wp-json\/wp\/v2\/posts\/5126\/revisions\/6032"}],"wp:featuredmedia":[{"embeddable":true,"href":"https:\/\/www.bestwestern-vannescentre.com\/es\/wp-json\/wp\/v2\/media\/5114"}],"wp:attachment":[{"href":"https:\/\/www.bestwestern-vannescentre.com\/es\/wp-json\/wp\/v2\/media?parent=5126"}],"wp:term":[{"taxonomy":"category","embeddable":true,"href":"https:\/\/www.bestwestern-vannescentre.com\/es\/wp-json\/wp\/v2\/categories?post=5126"},{"taxonomy":"post_tag","embeddable":true,"href":"https:\/\/www.bestwestern-vannescentre.com\/es\/wp-json\/wp\/v2\/tags?post=5126"}],"curies":[{"name":"wp","href":"https:\/\/api.w.org\/{rel}","templated":true}]}}