{"id":5141,"date":"2024-07-16T09:46:09","date_gmt":"2024-07-16T07:46:09","guid":{"rendered":"https:\/\/www.bestwestern-vannescentre.com\/?p=5141"},"modified":"2025-09-23T12:51:14","modified_gmt":"2025-09-23T10:51:14","slug":"nuevo-menu-restaurante-restaurante-vannes","status":"publish","type":"post","link":"https:\/\/www.bestwestern-vannescentre.com\/es\/nuevo-menu-restaurante-restaurante-vannes\/","title":{"rendered":"Nuevo men\u00fa del restaurante - Restaurant Vannes"},"content":{"rendered":"<div data-elementor-type=\"wp-post\" data-elementor-id=\"5141\" class=\"elementor elementor-5141\" data-elementor-post-type=\"post\">\n\t\t\t\t<div class=\"elementor-element elementor-element-310d43b9 e-con-full e-flex e-con e-parent\" data-id=\"310d43b9\" data-element_type=\"container\">\n\t\t\t\t<div class=\"elementor-element elementor-element-58ed133 elementor-widget elementor-widget-text-editor\" data-id=\"58ed133\" data-element_type=\"widget\" data-widget_type=\"text-editor.default\">\n\t\t\t\t<div class=\"elementor-widget-container\">\n\t\t\t\t\t\t\t\t\t<p>Disfrute de un\u00a0<strong>especiales del d\u00eda<\/strong>\u00a0en nuestro\u00a0<strong>restaurante con terraza en Vannes<\/strong>Un ambiente moderno y tropical.<\/p><p>Nuestra\u00a0<strong>restaurante en Vannes<\/strong>le ofrece su\u00a0<strong>nuevo men\u00fa de temporada<\/strong>.<\/p><p>\u00a0<\/p>\t\t\t\t\t\t\t\t<\/div>\n\t\t\t\t<\/div>\n\t\t<div class=\"elementor-element elementor-element-ecd2816 e-flex e-con-boxed e-con e-child\" data-id=\"ecd2816\" data-element_type=\"container\">\n\t\t\t\t\t<div class=\"e-con-inner\">\n\t\t\t\t<div class=\"elementor-element elementor-element-75e667f elementor-widget__width-initial elementor-widget elementor-widget-image\" data-id=\"75e667f\" data-element_type=\"widget\" data-widget_type=\"image.default\">\n\t\t\t\t<div class=\"elementor-widget-container\">\n\t\t\t\t\t\t\t\t\t\t\t\t\t\t\t<img fetchpriority=\"high\" decoding=\"async\" width=\"800\" height=\"395\" src=\"https:\/\/www.bestwestern-vannescentre.com\/wp-content\/uploads\/2024\/07\/Nouvelle-carte-Restaurant-Cote-patio-Vannes_2-1024x505.png\" class=\"attachment-large size-large wp-image-5143\" alt=\"\" srcset=\"https:\/\/www.bestwestern-vannescentre.com\/wp-content\/uploads\/2024\/07\/Nouvelle-carte-Restaurant-Cote-patio-Vannes_2-1024x505.png 1024w, https:\/\/www.bestwestern-vannescentre.com\/wp-content\/uploads\/2024\/07\/Nouvelle-carte-Restaurant-Cote-patio-Vannes_2-300x148.png 300w, https:\/\/www.bestwestern-vannescentre.com\/wp-content\/uploads\/2024\/07\/Nouvelle-carte-Restaurant-Cote-patio-Vannes_2-768x379.png 768w, https:\/\/www.bestwestern-vannescentre.com\/wp-content\/uploads\/2024\/07\/Nouvelle-carte-Restaurant-Cote-patio-Vannes_2-1536x757.png 1536w, https:\/\/www.bestwestern-vannescentre.com\/wp-content\/uploads\/2024\/07\/Nouvelle-carte-Restaurant-Cote-patio-Vannes_2-18x9.png 18w, https:\/\/www.bestwestern-vannescentre.com\/wp-content\/uploads\/2024\/07\/Nouvelle-carte-Restaurant-Cote-patio-Vannes_2.png 1747w\" sizes=\"(max-width: 800px) 100vw, 800px\" title=\"\">\t\t\t\t\t\t\t\t\t\t\t\t\t\t\t<\/div>\n\t\t\t\t<\/div>\n\t\t\t\t\t<\/div>\n\t\t\t\t<\/div>\n\t\t\t\t<div class=\"elementor-element elementor-element-fa81718 elementor-widget elementor-widget-text-editor\" data-id=\"fa81718\" data-element_type=\"widget\" data-widget_type=\"text-editor.default\">\n\t\t\t\t<div class=\"elementor-widget-container\">\n\t\t\t\t\t\t\t\t\t<h2 class=\"content_cms\"><strong>En su restaurante del centro de Vannes hay para todos los gustos...<\/strong><\/h2><p>Visite\u00a0<a href=\"https:\/\/www.bestwestern-vannescentre.com\/es\/restaurant-vannes.html\/\"><strong>Patio C\u00f4t\u00e9<\/strong><\/a>Aqu\u00ed encontrar\u00e1 una gran variedad de platos, elaborados con ingredientes frescos. Ya sean tapas, ensaladas o platos del d\u00eda, nuestra carta satisfar\u00e1 todos sus gustos. Comedor interior o terraza en el patio, mesa normal o tumbona para tomar un c\u00f3ctel... Eso es lo que le espera en nuestro restaurante de Morbihan.<\/p><h3 class=\"content_cms\"><strong><em>El nuevo men\u00fa de temporada del restaurante C\u00f4t\u00e9 Patio de Vannes<\/em><\/strong><\/h3><p>Nuestra carta ofrece una tentadora selecci\u00f3n de entrantes, desde ensaladas frescas hasta rillettes de pescado. Sum\u00e9rjase en un oc\u00e9ano de sabores con nuestras sopas de pescado o saboree una sopa del momento preparada con verduras ecol\u00f3gicas.<\/p><p>Para los amantes de las ensaladas y los platos combinados, ofrecemos una gran variedad de opciones, desde ensaladas mixtas hasta irresistibles platos combinados.<\/p><p>No te pierdas nuestro\u00a0<strong>men\u00fa del d\u00eda<\/strong>preparado con\u00a0<strong>productos frescos del mercado<\/strong>para una experiencia culinaria completa. Puede optar por un entrante-principal, plato principal-postre o entrante-principal-postre, como prefiera.<\/p><p>Y no olvides hacer un\u00a0<strong>Escapada gastron\u00f3mica en Vannes<\/strong>\u00a0con nuestros exquisitos postres y refrescantes helados. El\u00a0<strong>restaurante C\u00f4t\u00e9 Patio<\/strong>\u00a0est\u00e1 listo para deleitar su paladar y satisfacer su gusto por lo dulce.<\/p><p>Si necesita un peque\u00f1o descanso gastron\u00f3mico a cualquier hora del d\u00eda, le ofrecemos jarras de comida de temporada de origen local:\u00a0<strong><a title=\"Tarros Ty Bocal\" href=\"http:\/\/www.ty-bocal.fr\/\" target=\"_blank\" rel=\"noopener noreferrer nofollow\">Tarros Ty Bocal<\/a><\/strong>. Comida r\u00e1pida y deliciosa.<\/p><p><strong>Nuestro equipo estar\u00e1 encantado de aconsejarle sobre la elecci\u00f3n del vino de nuestra selecci\u00f3n, para complementar a la perfecci\u00f3n su comida en el restaurante de Vannes.<\/strong><\/p><p><strong>\u00a0<\/strong><\/p><p><em>Hay para todos los gustos en\u00a0<strong><a title=\"Restaurante C\u00f4t\u00e9 Patio Vannes\" href=\"https:\/\/www.bestwestern-vannescentre.com\/es\/restaurant-vannes.html\/\">restaurante C\u00f4t\u00e9 Patio<\/a> !<\/strong><\/em><\/p><p><strong>&gt; Descubra nuestra\u00a0<a title=\"restaurante a la carta Vannes\" href=\"https:\/\/www.assiwa.fr\/medias\/bw\/Cote%20Patio%20-%20Carte%20de%20restaurant.pdf\" target=\"_blank\" rel=\"noopener noreferrer nofollow\">men\u00fa de restaurante<\/a><\/strong><\/p><p>\u00a0<\/p><h2 class=\"content_cms\"><strong>C\u00f4t\u00e9 Patio, restaurante contempor\u00e1neo en Vannes<\/strong><\/h2><p>Situado en el coraz\u00f3n de Vannes, a pocos pasos de la ciudad medieval y dentro de las murallas del<strong>H\u00f4tel Best Western Plus Vannes centre-ville<\/strong>El restaurante C\u00f4t\u00e9 Patio es un\u00a0<strong>bistro contempor\u00e1neo<\/strong>\u00a0que ofrece un ambiente elegante y relajado a la vez. Seg\u00fan el tiempo que haga, podr\u00e1 elegir entre sentarse en el interior, en un ambiente tropical, o en nuestro\u00a0<strong>patio en el coraz\u00f3n de Vannes<\/strong>.<\/p><p>Le recibimos de lunes a domingo de 19.00 a 21.30 h.<\/p>\t\t\t\t\t\t\t\t<\/div>\n\t\t\t\t<\/div>\n\t\t\t\t<div class=\"elementor-element elementor-element-9fe6105 elementor-widget__width-initial elementor-widget elementor-widget-image\" data-id=\"9fe6105\" data-element_type=\"widget\" data-widget_type=\"image.default\">\n\t\t\t\t<div class=\"elementor-widget-container\">\n\t\t\t\t\t\t\t\t\t\t\t\t\t\t\t<img decoding=\"async\" width=\"800\" height=\"388\" src=\"https:\/\/www.bestwestern-vannescentre.com\/wp-content\/uploads\/2024\/07\/Nouvelle-carte-Restaurant-Cote-patio-Vannes-1_2-1024x496.png\" class=\"attachment-large size-large wp-image-5144\" alt=\"\" srcset=\"https:\/\/www.bestwestern-vannescentre.com\/wp-content\/uploads\/2024\/07\/Nouvelle-carte-Restaurant-Cote-patio-Vannes-1_2-1024x496.png 1024w, https:\/\/www.bestwestern-vannescentre.com\/wp-content\/uploads\/2024\/07\/Nouvelle-carte-Restaurant-Cote-patio-Vannes-1_2-300x145.png 300w, https:\/\/www.bestwestern-vannescentre.com\/wp-content\/uploads\/2024\/07\/Nouvelle-carte-Restaurant-Cote-patio-Vannes-1_2-768x372.png 768w, https:\/\/www.bestwestern-vannescentre.com\/wp-content\/uploads\/2024\/07\/Nouvelle-carte-Restaurant-Cote-patio-Vannes-1_2-1536x744.png 1536w, https:\/\/www.bestwestern-vannescentre.com\/wp-content\/uploads\/2024\/07\/Nouvelle-carte-Restaurant-Cote-patio-Vannes-1_2-18x9.png 18w, https:\/\/www.bestwestern-vannescentre.com\/wp-content\/uploads\/2024\/07\/Nouvelle-carte-Restaurant-Cote-patio-Vannes-1_2.png 1747w\" sizes=\"(max-width: 800px) 100vw, 800px\" title=\"\">\t\t\t\t\t\t\t\t\t\t\t\t\t\t\t<\/div>\n\t\t\t\t<\/div>\n\t\t\t\t<div class=\"elementor-element elementor-element-7e2fd30 elementor-widget elementor-widget-text-editor\" data-id=\"7e2fd30\" data-element_type=\"widget\" data-widget_type=\"text-editor.default\">\n\t\t\t\t<div class=\"elementor-widget-container\">\n\t\t\t\t\t\t\t\t\t<p>Encuentre fotos e informaci\u00f3n de nuestro<strong>\u00a0<\/strong>hotel en Vannes en la red social de su elecci\u00f3n :\u00a0<strong><a href=\"https:\/\/www.facebook.com\/BWPLUSVANNES\" target=\"_blank\" rel=\"noopener noreferrer nofollow\">Facebook<\/a>\u00a0<\/strong>y\u00a0<strong><a href=\"https:\/\/www.instagram.com\/bestwestern_vannes_centre\/\" target=\"_blank\" rel=\"noopener noreferrer nofollow\">Instagram<\/a><\/strong>.<\/p><p>Todo el\u00a0<strong>restaurante C\u00f4t\u00e9 Patio<\/strong>\u00a0y el hotel\u00a0<strong>Best Western Plus Vannes centre-ville<\/strong>\u00a0\u00a1te est\u00e1 esperando!<\/p><p>\u00a0<\/p><p>\u00a0<\/p><p><em>Para reservar, p\u00f3ngase en contacto con nosotros en\u00a0<strong>02 97 63 20 20<\/strong>\u00a0o por correo electr\u00f3nico a\u00a0<strong><a href=\"mailto:info@bestwestern-vannescentre.com\">info@bestwestern-vannescentre.com<\/a><\/strong><\/em><\/p>\t\t\t\t\t\t\t\t<\/div>\n\t\t\t\t<\/div>\n\t\t\t\t<\/div>\n\t\t\t\t<\/div>","protected":false},"excerpt":{"rendered":"<p>Disfrute de la cocina diaria en nuestro restaurante con terraza de Vannes, en un ambiente moderno y tropical. Nuestro restaurante de Vannes le propone su nueva carta de temporada.   En su restaurante del centro de Vannes hay algo para todos los gustos... En C\u00f4t\u00e9 Patio, encontrar\u00e1 una gran variedad de platos, elaborados con ingredientes frescos. Tanto si es un [...]<\/p>","protected":false},"author":8,"featured_media":5134,"comment_status":"closed","ping_status":"closed","sticky":false,"template":"","format":"standard","meta":{"_acf_changed":false,"inline_featured_image":false,"footnotes":""},"categories":[17],"tags":[],"class_list":["post-5141","post","type-post","status-publish","format-standard","has-post-thumbnail","hentry","category-actualites"],"acf":[],"_links":{"self":[{"href":"https:\/\/www.bestwestern-vannescentre.com\/es\/wp-json\/wp\/v2\/posts\/5141","targetHints":{"allow":["GET"]}}],"collection":[{"href":"https:\/\/www.bestwestern-vannescentre.com\/es\/wp-json\/wp\/v2\/posts"}],"about":[{"href":"https:\/\/www.bestwestern-vannescentre.com\/es\/wp-json\/wp\/v2\/types\/post"}],"author":[{"embeddable":true,"href":"https:\/\/www.bestwestern-vannescentre.com\/es\/wp-json\/wp\/v2\/users\/8"}],"replies":[{"embeddable":true,"href":"https:\/\/www.bestwestern-vannescentre.com\/es\/wp-json\/wp\/v2\/comments?post=5141"}],"version-history":[{"count":10,"href":"https:\/\/www.bestwestern-vannescentre.com\/es\/wp-json\/wp\/v2\/posts\/5141\/revisions"}],"predecessor-version":[{"id":6258,"href":"https:\/\/www.bestwestern-vannescentre.com\/es\/wp-json\/wp\/v2\/posts\/5141\/revisions\/6258"}],"wp:featuredmedia":[{"embeddable":true,"href":"https:\/\/www.bestwestern-vannescentre.com\/es\/wp-json\/wp\/v2\/media\/5134"}],"wp:attachment":[{"href":"https:\/\/www.bestwestern-vannescentre.com\/es\/wp-json\/wp\/v2\/media?parent=5141"}],"wp:term":[{"taxonomy":"category","embeddable":true,"href":"https:\/\/www.bestwestern-vannescentre.com\/es\/wp-json\/wp\/v2\/categories?post=5141"},{"taxonomy":"post_tag","embeddable":true,"href":"https:\/\/www.bestwestern-vannescentre.com\/es\/wp-json\/wp\/v2\/tags?post=5141"}],"curies":[{"name":"wp","href":"https:\/\/api.w.org\/{rel}","templated":true}]}}