{"id":5155,"date":"2024-07-16T09:57:40","date_gmt":"2024-07-16T07:57:40","guid":{"rendered":"https:\/\/www.bestwestern-vannescentre.com\/?p=5155"},"modified":"2024-07-16T10:00:03","modified_gmt":"2024-07-16T08:00:03","slug":"maraton-de-vannes","status":"publish","type":"post","link":"https:\/\/www.bestwestern-vannescentre.com\/es\/maraton-de-vannes\/","title":{"rendered":"Marat\u00f3n de Vannes"},"content":{"rendered":"<div data-elementor-type=\"wp-post\" data-elementor-id=\"5155\" class=\"elementor elementor-5155\" data-elementor-post-type=\"post\">\n\t\t\t\t<div class=\"elementor-element elementor-element-310d43b9 e-con-full e-flex e-con e-parent\" data-id=\"310d43b9\" data-element_type=\"container\">\n\t\t\t\t<div class=\"elementor-element elementor-element-58ed133 elementor-widget elementor-widget-text-editor\" data-id=\"58ed133\" data-element_type=\"widget\" data-widget_type=\"text-editor.default\">\n\t\t\t\t<div class=\"elementor-widget-container\">\n\t\t\t\t\t\t\t\t\t<h2>\u00a1\u00danase a nosotros en la 18\u00aa edici\u00f3n!<\/h2><p>El 15 de octubre de 2017 tendr\u00e1 lugar una de las carreras m\u00e1s ins\u00f3litas de Francia. Podr\u00e1 aprovechar los magn\u00edficos paisajes del Golfe du Morbihan para un encuentro deportivo apto para todos los niveles. Podr\u00e1s elegir entre varios recorridos a lo largo de una de las bah\u00edas m\u00e1s bellas del mundo.<\/p>\t\t\t\t\t\t\t\t<\/div>\n\t\t\t\t<\/div>\n\t\t<div class=\"elementor-element elementor-element-ecd2816 e-flex e-con-boxed e-con e-child\" data-id=\"ecd2816\" data-element_type=\"container\">\n\t\t\t\t\t<div class=\"e-con-inner\">\n\t\t\t\t<div class=\"elementor-element elementor-element-75e667f elementor-widget__width-initial elementor-widget elementor-widget-image\" data-id=\"75e667f\" data-element_type=\"widget\" data-widget_type=\"image.default\">\n\t\t\t\t<div class=\"elementor-widget-container\">\n\t\t\t\t\t\t\t\t\t\t\t\t\t\t\t<img fetchpriority=\"high\" decoding=\"async\" width=\"800\" height=\"600\" src=\"https:\/\/www.bestwestern-vannescentre.com\/wp-content\/uploads\/2024\/07\/rose.jpg\" class=\"attachment-large size-large wp-image-5158\" alt=\"\" srcset=\"https:\/\/www.bestwestern-vannescentre.com\/wp-content\/uploads\/2024\/07\/rose.jpg 800w, https:\/\/www.bestwestern-vannescentre.com\/wp-content\/uploads\/2024\/07\/rose-300x225.jpg 300w, https:\/\/www.bestwestern-vannescentre.com\/wp-content\/uploads\/2024\/07\/rose-768x576.jpg 768w, https:\/\/www.bestwestern-vannescentre.com\/wp-content\/uploads\/2024\/07\/rose-16x12.jpg 16w\" sizes=\"(max-width: 800px) 100vw, 800px\" title=\"\">\t\t\t\t\t\t\t\t\t\t\t\t\t\t\t<\/div>\n\t\t\t\t<\/div>\n\t\t\t\t\t<\/div>\n\t\t\t\t<\/div>\n\t\t\t\t<div class=\"elementor-element elementor-element-fa81718 elementor-widget elementor-widget-text-editor\" data-id=\"fa81718\" data-element_type=\"widget\" data-widget_type=\"text-editor.default\">\n\t\t\t\t<div class=\"elementor-widget-container\">\n\t\t\t\t\t\t\t\t\t<div class=\"thrv_wrapper thrv_text_element tve_empty_dropzone\"><p>\u00a0Inscripciones a partir del 1 de febrero\u00a0<a href=\"http:\/\/marathon-vannes.com\/\" target=\"_blank\" rel=\"noopener noreferrer nofollow\"><strong>en el sitio web oficial<\/strong><\/a>.\u00a0<\/p><p>Antes de que los corredores suban al podio, venga a disfrutar del pueblo del Marat\u00f3n, donde las actividades deportivas y los puestos mantendr\u00e1n animada la jornada (complejo deportivo de Kercado).<\/p><\/div>\t\t\t\t\t\t\t\t<\/div>\n\t\t\t\t<\/div>\n\t\t\t\t<div class=\"elementor-element elementor-element-9fe6105 elementor-widget__width-initial elementor-widget elementor-widget-image\" data-id=\"9fe6105\" data-element_type=\"widget\" data-widget_type=\"image.default\">\n\t\t\t\t<div class=\"elementor-widget-container\">\n\t\t\t\t\t\t\t\t\t\t\t\t\t\t\t<img decoding=\"async\" width=\"648\" height=\"326\" src=\"https:\/\/www.bestwestern-vannescentre.com\/wp-content\/uploads\/2024\/07\/Run3.jpg\" class=\"attachment-large size-large wp-image-5159\" alt=\"\" srcset=\"https:\/\/www.bestwestern-vannescentre.com\/wp-content\/uploads\/2024\/07\/Run3.jpg 648w, https:\/\/www.bestwestern-vannescentre.com\/wp-content\/uploads\/2024\/07\/Run3-300x151.jpg 300w, https:\/\/www.bestwestern-vannescentre.com\/wp-content\/uploads\/2024\/07\/Run3-18x9.jpg 18w\" sizes=\"(max-width: 648px) 100vw, 648px\" title=\"\">\t\t\t\t\t\t\t\t\t\t\t\t\t\t\t<\/div>\n\t\t\t\t<\/div>\n\t\t\t\t<div class=\"elementor-element elementor-element-7e2fd30 elementor-widget elementor-widget-text-editor\" data-id=\"7e2fd30\" data-element_type=\"widget\" data-widget_type=\"text-editor.default\">\n\t\t\t\t<div class=\"elementor-widget-container\">\n\t\t\t\t\t\t\t\t\t<p>La comodidad y accesibilidad de nuestro hotel\u00a0<a href=\"https:\/\/www.bestwestern-vannescentre.com\/es\/chambre-vannes.html\/\" target=\"_blank\" rel=\"noopener noreferrer\"><strong>Best Western Plus Vannes Centre<\/strong><\/a>Esto lo convierte en el lugar ideal para preparar la carrera. El chef de nuestro restaurante\u00a0<a href=\"https:\/\/www.bestwestern-vannescentre.com\/es\/restaurant-vannes.html\/\" target=\"_blank\" rel=\"noopener noreferrer\"><strong>Patio C\u00f4t\u00e9<\/strong><\/a>Si lo desea, podemos prepararle una comida especialmente adaptada a sus necesidades deportivas.<\/p><p>Para beneficiarse de nuestras ofertas deportivas, lleve consigo su formulario de participaci\u00f3n al hacer la reserva.<\/p><p><em>Todo el equipo del hotel Best Western Plus Vannes Centre estar\u00e1 encantado de darle la bienvenida a este evento.<\/em><\/p><p>\u00a0<\/p>\t\t\t\t\t\t\t\t<\/div>\n\t\t\t\t<\/div>\n\t\t\t\t<\/div>\n\t\t\t\t<\/div>","protected":false},"excerpt":{"rendered":"<p>\u00a1\u00danete a nosotros en la 18\u00aa edici\u00f3n! El 15 de octubre de 2017 tendr\u00e1 lugar una de las carreras m\u00e1s ins\u00f3litas de Francia. Podr\u00e1s aprovechar los magn\u00edficos paisajes del Golfe du Morbihan para un encuentro deportivo apto para todos los niveles. Hay varios recorridos para elegir a lo largo de una de las bah\u00edas m\u00e1s bellas del [...].<\/p>","protected":false},"author":8,"featured_media":5156,"comment_status":"closed","ping_status":"closed","sticky":false,"template":"","format":"standard","meta":{"_acf_changed":false,"inline_featured_image":false,"footnotes":""},"categories":[17],"tags":[],"class_list":["post-5155","post","type-post","status-publish","format-standard","has-post-thumbnail","hentry","category-actualites"],"acf":[],"_links":{"self":[{"href":"https:\/\/www.bestwestern-vannescentre.com\/es\/wp-json\/wp\/v2\/posts\/5155","targetHints":{"allow":["GET"]}}],"collection":[{"href":"https:\/\/www.bestwestern-vannescentre.com\/es\/wp-json\/wp\/v2\/posts"}],"about":[{"href":"https:\/\/www.bestwestern-vannescentre.com\/es\/wp-json\/wp\/v2\/types\/post"}],"author":[{"embeddable":true,"href":"https:\/\/www.bestwestern-vannescentre.com\/es\/wp-json\/wp\/v2\/users\/8"}],"replies":[{"embeddable":true,"href":"https:\/\/www.bestwestern-vannescentre.com\/es\/wp-json\/wp\/v2\/comments?post=5155"}],"version-history":[{"count":4,"href":"https:\/\/www.bestwestern-vannescentre.com\/es\/wp-json\/wp\/v2\/posts\/5155\/revisions"}],"predecessor-version":[{"id":5162,"href":"https:\/\/www.bestwestern-vannescentre.com\/es\/wp-json\/wp\/v2\/posts\/5155\/revisions\/5162"}],"wp:featuredmedia":[{"embeddable":true,"href":"https:\/\/www.bestwestern-vannescentre.com\/es\/wp-json\/wp\/v2\/media\/5156"}],"wp:attachment":[{"href":"https:\/\/www.bestwestern-vannescentre.com\/es\/wp-json\/wp\/v2\/media?parent=5155"}],"wp:term":[{"taxonomy":"category","embeddable":true,"href":"https:\/\/www.bestwestern-vannescentre.com\/es\/wp-json\/wp\/v2\/categories?post=5155"},{"taxonomy":"post_tag","embeddable":true,"href":"https:\/\/www.bestwestern-vannescentre.com\/es\/wp-json\/wp\/v2\/tags?post=5155"}],"curies":[{"name":"wp","href":"https:\/\/api.w.org\/{rel}","templated":true}]}}