{"id":5163,"date":"2024-07-16T11:14:37","date_gmt":"2024-07-16T09:14:37","guid":{"rendered":"https:\/\/www.bestwestern-vannescentre.com\/?p=5163"},"modified":"2025-05-21T16:11:51","modified_gmt":"2025-05-21T14:11:51","slug":"gulf-week-hotel-vannes","status":"publish","type":"post","link":"https:\/\/www.bestwestern-vannescentre.com\/es\/gulf-week-hotel-vannes\/","title":{"rendered":"Semaine du Golfe - Hotel Vannes"},"content":{"rendered":"<div data-elementor-type=\"wp-post\" data-elementor-id=\"5163\" class=\"elementor elementor-5163\" data-elementor-post-type=\"post\">\n\t\t\t\t<div class=\"elementor-element elementor-element-310d43b9 e-con-full e-flex e-con e-parent\" data-id=\"310d43b9\" data-element_type=\"container\">\n\t\t\t\t<div class=\"elementor-element elementor-element-58ed133 elementor-widget elementor-widget-text-editor\" data-id=\"58ed133\" data-element_type=\"widget\" data-widget_type=\"text-editor.default\">\n\t\t\t\t<div class=\"elementor-widget-container\">\n\t\t\t\t\t\t\t\t\t<p><strong>Una cita ineludible en el golfo de Morbihan\u00a0<\/strong>en Breta\u00f1a: el\u00a0<strong>Semana del Golfo<\/strong>\u00a0!<\/p><p>Al\u00f3jese en un hotel en el coraz\u00f3n de Vannes y admire los barcos en el puerto en un ambiente c\u00e1lido y festivo. H\u00e1gase a la mar para admirar de cerca el espect\u00e1culo, incluido el desfile inaugural gracias a la\u00a0<strong>cruceros por el Golfo<\/strong>... A s\u00f3lo unos minutos en bicicleta, autob\u00fas o coche de nuestro hotel, emb\u00e1rquese en un d\u00eda especial.<\/p><h2 class=\"content_cms\">Estancia en nuestro hotel de Vannes durante la Semaine du Golfe<\/h2><p>Este a\u00f1o, la\u00a0<strong>Semana del Golfo 2025<\/strong>un acontecimiento mar\u00edtimo internacional <strong>del 26 de mayo al 1 de junio de 2025<\/strong>. Libro durante<strong>\u00a0Semaine du Golfe su hotel en Vannes\u00a0<\/strong>y participar en una fiesta cultural y popular en torno a la vela, en el\u00a0<strong>Golfo de Morbihan<\/strong>.<\/p><p><strong><em>Le\u00a0<a title=\"Semaine du Golfe 2023 hotel Vannes centro puerto\" href=\"https:\/\/www.bestwestern-vannescentre.com\/es\/\">Best Western Plus Vannes centre-ville<\/a>\u00a0\u00a1te est\u00e1 esperando!<\/em><\/strong><\/p><h2 class=\"content_cms\">La Semaine du Golfe marca el ritmo del Golfo de Morbihan con su programa n\u00e1utico y sus fiestas<\/h2><p>Para mostrar\u00a0<strong>las riquezas culturales y n\u00e1uticas del Golfo<\/strong>El departamento de Morbihan tuvo la idea original de crear este evento en torno al mundo de la vela. La primera edici\u00f3n tuvo lugar en 2001 y el evento sigue atrayendo a m\u00e1s y m\u00e1s gente cada dos a\u00f1os. El sitio\u00a0<strong>13\u00aa edici\u00f3n de la Semaine du Golfe<\/strong>\u00a0\u00a1se celebra este a\u00f1o!<\/p><p>Numerosos yates franceses y extranjeros se re\u00fanen para navegar en este entorno tan especial del \"Peque\u00f1o Mar\" (Mor Bihan en bret\u00f3n);<br \/>Cada d\u00eda, m\u00e1s de mil barcos tradicionales y cl\u00e1sicos navegan en flotillas coherentes e identificables. Cada d\u00eda, cada flotilla sigue su propio programa de navegaci\u00f3n, haciendo escala en un puerto diferente cada tarde. Visite\u00a0<strong>puerto de Vannes<\/strong>\u00a0es uno de los 17 puertos miembros.<\/p><p>No te pierdas el\u00a0<strong>Desfile inaugural de la Semaine du Golfe<\/strong>\u00a0que tendr\u00e1 lugar el\u00a0<strong>Lunes 26 de mayo<\/strong> a partir de las 15.00 horas, cuando todos los barcos presentes se unir\u00e1n a la flotilla de Grandes Veleros frente a M\u00e9aban.<br \/>Para mantener ocupados a grandes y peque\u00f1os, durante la semana se organizar\u00e1 una amplia gama de actos, como degustaciones de productos locales y mariscos, fest-noz (fiesta nocturna), construcci\u00f3n de maquetas, m\u00fasica local y espect\u00e1culos... Puede obtener m\u00e1s informaci\u00f3n en la web\u00a0<strong><a title=\"Vannes Semaine du Golfe 2023 Morbihan Breta\u00f1a\" href=\"https:\/\/www.semainedugolfe.com\/\" target=\"_blank\" rel=\"noopener noreferrer nofollow\">Programa de la Semaine du Golfe<\/a><\/strong>\u00a0en el sitio web oficial.<\/p>\t\t\t\t\t\t\t\t<\/div>\n\t\t\t\t<\/div>\n\t\t<div class=\"elementor-element elementor-element-ecd2816 e-flex e-con-boxed e-con e-child\" data-id=\"ecd2816\" data-element_type=\"container\">\n\t\t\t\t\t<div class=\"e-con-inner\">\n\t\t\t\t<div class=\"elementor-element elementor-element-75e667f elementor-widget__width-initial elementor-widget elementor-widget-image\" data-id=\"75e667f\" data-element_type=\"widget\" data-widget_type=\"image.default\">\n\t\t\t\t<div class=\"elementor-widget-container\">\n\t\t\t\t\t\t\t\t\t\t\t\t\t\t\t<img fetchpriority=\"high\" decoding=\"async\" width=\"800\" height=\"532\" src=\"https:\/\/www.bestwestern-vannescentre.com\/wp-content\/uploads\/2024\/07\/1552044473-1024x681.jpg\" class=\"attachment-large size-large wp-image-5164\" alt=\"\" srcset=\"https:\/\/www.bestwestern-vannescentre.com\/wp-content\/uploads\/2024\/07\/1552044473-1024x681.jpg 1024w, https:\/\/www.bestwestern-vannescentre.com\/wp-content\/uploads\/2024\/07\/1552044473-300x200.jpg 300w, https:\/\/www.bestwestern-vannescentre.com\/wp-content\/uploads\/2024\/07\/1552044473-768x511.jpg 768w, https:\/\/www.bestwestern-vannescentre.com\/wp-content\/uploads\/2024\/07\/1552044473-1536x1022.jpg 1536w, https:\/\/www.bestwestern-vannescentre.com\/wp-content\/uploads\/2024\/07\/1552044473-18x12.jpg 18w, https:\/\/www.bestwestern-vannescentre.com\/wp-content\/uploads\/2024\/07\/1552044473.jpg 1733w\" sizes=\"(max-width: 800px) 100vw, 800px\" title=\"\">\t\t\t\t\t\t\t\t\t\t\t\t\t\t\t<\/div>\n\t\t\t\t<\/div>\n\t\t\t\t\t<\/div>\n\t\t\t\t<\/div>\n\t\t\t\t<div class=\"elementor-element elementor-element-fa81718 elementor-widget elementor-widget-text-editor\" data-id=\"fa81718\" data-element_type=\"widget\" data-widget_type=\"text-editor.default\">\n\t\t\t\t<div class=\"elementor-widget-container\">\n\t\t\t\t\t\t\t\t\t<div class=\"thrv_wrapper thrv_text_element tve_empty_dropzone\"><h3 class=\"content_cms\"><strong>El golfo de Morbihan desde nuestro hotel en Vannes<\/strong><\/h3><p><strong>Del 26 de mayo al 1 de junio de 2025<\/strong>estancia en el<strong>hotel Best Western Plus Vannes centre-ville<\/strong>\u00a0y disfrute de una semana de navegaci\u00f3n y fiestas en el golfo de Morbihan, en el marco del\u00a0<strong>Semaine du Golfe hotel Vannes<\/strong>. Nuestro hotel, situado en el coraz\u00f3n de Vannes, es la base ideal para\u00a0<strong><a title=\"Visitar Vannes Golfe du Morbihan Breta\u00f1a\" href=\"https:\/\/www.bestwestern-vannescentre.com\/es\/vannes-golfe.html\/\">visitar el golfo de Morbihan<\/a><\/strong>\u00a0durante esta semana repleta de acontecimientos. Podr\u00e1 acercarse a los acontecimientos y descubrir la ciudad medieval de Vannes.<\/p><p>Nuestra\u00a0<strong>hotel Vannes Semaine du Golfe<\/strong>El estilo contempor\u00e1neo y el aire tropical del hotel le permitir\u00e1n disfrutar al m\u00e1ximo de su estancia. En un estilo contempor\u00e1neo con un toque tropical, nuestro\u00a0<strong>Hotel de 4 estrellas<\/strong>\u00a0dispone de habitaciones c\u00e1lidas y elegantes con materiales naturales y dise\u00f1os alegres, la mayor\u00eda de ellas con terrazas o balcones privados. Nuestra\u00a0<strong><a href=\"https:\/\/www.bestwestern-vannescentre.com\/es\/restaurant-vannes.html\/\" target=\"_blank\" rel=\"noopener noreferrer\">restaurante C\u00f4t\u00e9 Patio<\/a><\/strong>\u00a0deleitar\u00e1 su paladar en un ambiente de dise\u00f1o o en nuestro patio con jard\u00edn arom\u00e1tico. Nuestro aparcamiento privado y vigilado le facilitar\u00e1 la estancia, y tambi\u00e9n podr\u00e1 recargar su veh\u00edculo el\u00e9ctrico.<\/p><\/div>\t\t\t\t\t\t\t\t<\/div>\n\t\t\t\t<\/div>\n\t\t\t\t<\/div>\n\t\t\t\t<\/div>","protected":false},"excerpt":{"rendered":"<p>Una cita ineludible en el golfo de Morbihan, en Breta\u00f1a: \u00a1la Semaine du Golfe! Al\u00f3jese en un hotel en el coraz\u00f3n de Vannes y admire los barcos en el puerto en un ambiente c\u00e1lido y festivo. Ad\u00e9ntrese en el mar para contemplar m\u00e1s de cerca el espect\u00e1culo, incluido el desfile inaugural, gracias a los cruceros por el Golfo [...].<\/p>","protected":false},"author":8,"featured_media":5164,"comment_status":"closed","ping_status":"closed","sticky":false,"template":"","format":"standard","meta":{"_acf_changed":false,"inline_featured_image":false,"footnotes":""},"categories":[17],"tags":[],"class_list":["post-5163","post","type-post","status-publish","format-standard","has-post-thumbnail","hentry","category-actualites"],"acf":[],"_links":{"self":[{"href":"https:\/\/www.bestwestern-vannescentre.com\/es\/wp-json\/wp\/v2\/posts\/5163","targetHints":{"allow":["GET"]}}],"collection":[{"href":"https:\/\/www.bestwestern-vannescentre.com\/es\/wp-json\/wp\/v2\/posts"}],"about":[{"href":"https:\/\/www.bestwestern-vannescentre.com\/es\/wp-json\/wp\/v2\/types\/post"}],"author":[{"embeddable":true,"href":"https:\/\/www.bestwestern-vannescentre.com\/es\/wp-json\/wp\/v2\/users\/8"}],"replies":[{"embeddable":true,"href":"https:\/\/www.bestwestern-vannescentre.com\/es\/wp-json\/wp\/v2\/comments?post=5163"}],"version-history":[{"count":8,"href":"https:\/\/www.bestwestern-vannescentre.com\/es\/wp-json\/wp\/v2\/posts\/5163\/revisions"}],"predecessor-version":[{"id":6045,"href":"https:\/\/www.bestwestern-vannescentre.com\/es\/wp-json\/wp\/v2\/posts\/5163\/revisions\/6045"}],"wp:featuredmedia":[{"embeddable":true,"href":"https:\/\/www.bestwestern-vannescentre.com\/es\/wp-json\/wp\/v2\/media\/5164"}],"wp:attachment":[{"href":"https:\/\/www.bestwestern-vannescentre.com\/es\/wp-json\/wp\/v2\/media?parent=5163"}],"wp:term":[{"taxonomy":"category","embeddable":true,"href":"https:\/\/www.bestwestern-vannescentre.com\/es\/wp-json\/wp\/v2\/categories?post=5163"},{"taxonomy":"post_tag","embeddable":true,"href":"https:\/\/www.bestwestern-vannescentre.com\/es\/wp-json\/wp\/v2\/tags?post=5163"}],"curies":[{"name":"wp","href":"https:\/\/api.w.org\/{rel}","templated":true}]}}