{"id":5203,"date":"2024-07-16T11:49:31","date_gmt":"2024-07-16T09:49:31","guid":{"rendered":"https:\/\/www.bestwestern-vannescentre.com\/?p=5203"},"modified":"2025-09-23T12:45:40","modified_gmt":"2025-09-23T10:45:40","slug":"restaurante-para-grupos-en-vannes","status":"publish","type":"post","link":"https:\/\/www.bestwestern-vannescentre.com\/es\/restaurante-para-grupos-en-vannes\/","title":{"rendered":"Restaurante para grupos en Vannes"},"content":{"rendered":"<div data-elementor-type=\"wp-post\" data-elementor-id=\"5203\" class=\"elementor elementor-5203\" data-elementor-post-type=\"post\">\n\t\t\t\t<div class=\"elementor-element elementor-element-310d43b9 e-con-full e-flex e-con e-parent\" data-id=\"310d43b9\" data-element_type=\"container\">\n\t\t\t\t<div class=\"elementor-element elementor-element-58ed133 elementor-widget elementor-widget-text-editor\" data-id=\"58ed133\" data-element_type=\"widget\" data-widget_type=\"text-editor.default\">\n\t\t\t\t<div class=\"elementor-widget-container\">\n\t\t\t\t\t\t\t\t\t<p>\u00a0<\/p><p>A\u00a0<strong>cena de grupo en Vannes<\/strong>\u00a0es una oportunidad de reunir a su personal para estrechar lazos y compartir una experiencia inolvidable.\u00a0<strong>momento de convivencia<\/strong>. En el centro Best Western Plus Vannes, sabemos lo importante que es marcar estos momentos del a\u00f1o y estamos aqu\u00ed para ayudarle a organizarlos.<\/p><p>El equipo del restaurante\u00a0<strong>Patio C\u00f4t\u00e9<\/strong>\u00a0en Vannes est\u00e1 a su disposici\u00f3n para ayudarle a elaborar\u00a0<strong>men\u00fas de grupo a medida<\/strong>\u00a0a sus necesidades y presupuesto. De informal a m\u00e1s formal, podemos ofrecer comidas de grupo que se adapten a sus necesidades.<\/p>\t\t\t\t\t\t\t\t<\/div>\n\t\t\t\t<\/div>\n\t\t<div class=\"elementor-element elementor-element-ecd2816 e-flex e-con-boxed e-con e-child\" data-id=\"ecd2816\" data-element_type=\"container\">\n\t\t\t\t\t<div class=\"e-con-inner\">\n\t\t\t\t<div class=\"elementor-element elementor-element-75e667f elementor-widget__width-initial elementor-widget elementor-widget-image\" data-id=\"75e667f\" data-element_type=\"widget\" data-widget_type=\"image.default\">\n\t\t\t\t<div class=\"elementor-widget-container\">\n\t\t\t\t\t\t\t\t\t\t\t\t\t\t\t<img fetchpriority=\"high\" decoding=\"async\" width=\"800\" height=\"280\" src=\"https:\/\/www.bestwestern-vannescentre.com\/wp-content\/uploads\/2024\/07\/Hotel-Restaurant-Cote-patio-Vannes-centre_2-1-1024x358.png\" class=\"attachment-large size-large wp-image-5205\" alt=\"\" srcset=\"https:\/\/www.bestwestern-vannescentre.com\/wp-content\/uploads\/2024\/07\/Hotel-Restaurant-Cote-patio-Vannes-centre_2-1-1024x358.png 1024w, https:\/\/www.bestwestern-vannescentre.com\/wp-content\/uploads\/2024\/07\/Hotel-Restaurant-Cote-patio-Vannes-centre_2-1-300x105.png 300w, https:\/\/www.bestwestern-vannescentre.com\/wp-content\/uploads\/2024\/07\/Hotel-Restaurant-Cote-patio-Vannes-centre_2-1-768x269.png 768w, https:\/\/www.bestwestern-vannescentre.com\/wp-content\/uploads\/2024\/07\/Hotel-Restaurant-Cote-patio-Vannes-centre_2-1-1536x537.png 1536w, https:\/\/www.bestwestern-vannescentre.com\/wp-content\/uploads\/2024\/07\/Hotel-Restaurant-Cote-patio-Vannes-centre_2-1-18x6.png 18w, https:\/\/www.bestwestern-vannescentre.com\/wp-content\/uploads\/2024\/07\/Hotel-Restaurant-Cote-patio-Vannes-centre_2-1.png 1747w\" sizes=\"(max-width: 800px) 100vw, 800px\" title=\"\">\t\t\t\t\t\t\t\t\t\t\t\t\t\t\t<\/div>\n\t\t\t\t<\/div>\n\t\t\t\t\t<\/div>\n\t\t\t\t<\/div>\n\t\t\t\t<div class=\"elementor-element elementor-element-fa81718 elementor-widget elementor-widget-text-editor\" data-id=\"fa81718\" data-element_type=\"widget\" data-widget_type=\"text-editor.default\">\n\t\t\t\t<div class=\"elementor-widget-container\">\n\t\t\t\t\t\t\t\t\t<h2 class=\"content_cms\"><strong>Un restaurante para grupos en Vannes para sus comidas de empresa<\/strong><\/h2>\n<p><em><strong>&nbsp;\u00bfBusca un restaurante para su comida de grupo en Vannes?&nbsp;<\/strong><\/em><\/p>\n<p>El restaurante&nbsp;<strong><a title=\"Restaurante para grupos en Vannes\" href=\"https:\/\/www.bestwestern-vannescentre.com\/es\/restaurant-vannes.html\/\">Patio C\u00f4t\u00e9<\/a><\/strong>&nbsp;es el lugar ideal para organizar un&nbsp;<strong>almuerzo de negocios<\/strong>a&nbsp;<strong>cena de fin de curso<\/strong>&nbsp;o&nbsp;<strong>celebraciones especiales<\/strong>&nbsp;!<\/p>\n<p>La llegada de las vacaciones de primavera y verano es una buena ocasi\u00f3n para compartir una buena comida. Es una oportunidad para&nbsp;<strong>re\u00fana a sus empleados<\/strong>Estaremos encantados de recibirle a usted, a sus clientes, proveedores y socios en un ambiente agradable. Nuestro restaurante C\u00f4t\u00e9 Patio le da la bienvenida para todas sus&nbsp;<strong>comida de grupo en Vannes<\/strong>.<\/p>\n<p><br><\/p>\n<p>Para un&nbsp;<strong>almuerzo con colegas en Vannes<\/strong>o celebrar una ocasi\u00f3n especial.&nbsp;<strong>jubilaci\u00f3n en Vannes<\/strong>,&nbsp;<strong>Contacto<\/strong>&nbsp;para el desarrollo de un&nbsp;<strong>presupuesto a medida<\/strong>. Le responderemos lo antes posible con un men\u00fa a su medida.<\/p>\n<p>Nos aseguraremos de que su comida sea una gran experiencia para usted y sus invitados. El&nbsp;<strong>men\u00fas de grupo<\/strong>&nbsp;se fabrican a medida, previa solicitud a&nbsp;<strong>presupuesto comida de grupo Vannes<\/strong>. Aproveche la oportunidad para&nbsp;<strong>organizar una reuni\u00f3n en Vannes<\/strong>&nbsp;en uno de nuestros&nbsp;<strong><a title=\"salas de seminarios vannes\" href=\"https:\/\/www.bestwestern-vannescentre.com\/es\/seminaires-vannes.html\/\" target=\"_blank\" rel=\"noopener noreferrer\">salas de seminarios<\/a><\/strong>&nbsp;equipado.<\/p>\n<p><br><\/p>\n<p>A&nbsp;<strong>cena de empresa para grupos<\/strong>&nbsp;en el Best Western Plus Vannes Centre es una excelente oportunidad para estrechar lazos entre el personal al tiempo que se ofrece un entorno confortable. No dude en ponerse en contacto con nosotros para obtener m\u00e1s informaci\u00f3n sobre las opciones de men\u00fa y&nbsp;<strong>salas de reuniones en Morbihan<\/strong>.<\/p>\n<p><br><\/p>\n<h3>\u00bfHay que organizar una comida de fin de curso?<\/h3>\n<p>Todos los a\u00f1os le ofrecemos <strong>men\u00fas festivos<\/strong> para su <strong>comida de fin de curso<\/strong>. Disfrute de una agradable velada con colegas, empleados, amigos o incluso con la familia. Nuestros men\u00fas para grupos son perfectos para reuniros todos juntos.<\/p>\n<p>Descubre nuestra <span style=\"text-decoration: underline;\"><strong><a href=\"https:\/\/www.bestwestern-vannescentre.com\/es\/sus-fiestas-de-empresa-de-fin-de-ano-en-el-restaurante-de-vannes\/\">men\u00fas festivos para grupos<\/a><\/strong><\/span>.<\/p>\n<p><br><\/p>\n<h3 class=\"content_cms\"><strong>C\u00f4t\u00e9 Patio, un restaurante de dise\u00f1o para su comida de grupo en Vannes<\/strong><\/h3>\n<p><strong>Completamente renovado<\/strong>En el coraz\u00f3n de Vannes, nuestro restaurante C\u00f4t\u00e9 Patio ofrece un ambiente c\u00e1lido con colores resplandecientes y un dise\u00f1o tropical. Nuestro equipo le recibe en un espacio privado, sin coste adicional. Nuestro&nbsp;<strong>comedor privado en Vannes<\/strong>&nbsp;puede acoger a grupos&nbsp;<strong>hasta 50 personas<\/strong>. Cuando hace buen tiempo, puede disfrutar de un aperitivo en nuestro bonito y colorido patio. Venga a compartir un momento de relajaci\u00f3n en el restaurante C\u00f4t\u00e9 Patio de Vannes.<\/p>\n<p>El restaurante es&nbsp;<strong>abierto todos los d\u00edas de 19.00 a 21.15 horas<\/strong>&nbsp;(Dependiendo de la demanda, el restaurante tambi\u00e9n puede servir almuerzos).<\/p>\n<p><br><\/p>\n<p><em>Para solicitar un presupuesto o consultar nuestros men\u00fas, p\u00f3ngase en contacto con nosotros en<\/em><strong><em>&nbsp;02 97 63 20 20&nbsp;<\/em><\/strong><em>o por correo a<\/em><strong><em>&nbsp;<a href=\"mailto:infos@bestwestern-vannescentre.com\">info@bestwestern-vannescentre.com<\/a><\/em><\/strong><\/p>\t\t\t\t\t\t\t\t<\/div>\n\t\t\t\t<\/div>\n\t\t\t\t<\/div>\n\t\t\t\t<\/div>","protected":false},"excerpt":{"rendered":"<p>\u00a0 Una cena de grupo en Vannes es la ocasi\u00f3n de reunir a su personal para estrechar lazos y compartir un momento de convivencia. En el centro Best Western Plus Vannes, sabemos lo importante que es marcar estos momentos del a\u00f1o y estamos aqu\u00ed para ayudarle a organizarlos. El equipo del restaurante C\u00f4t\u00e9 Patio de Vannes est\u00e1 a su disposici\u00f3n [...]<\/p>","protected":false},"author":8,"featured_media":5187,"comment_status":"closed","ping_status":"closed","sticky":false,"template":"","format":"standard","meta":{"_acf_changed":false,"inline_featured_image":false,"footnotes":""},"categories":[17],"tags":[],"class_list":["post-5203","post","type-post","status-publish","format-standard","has-post-thumbnail","hentry","category-actualites"],"acf":[],"_links":{"self":[{"href":"https:\/\/www.bestwestern-vannescentre.com\/es\/wp-json\/wp\/v2\/posts\/5203","targetHints":{"allow":["GET"]}}],"collection":[{"href":"https:\/\/www.bestwestern-vannescentre.com\/es\/wp-json\/wp\/v2\/posts"}],"about":[{"href":"https:\/\/www.bestwestern-vannescentre.com\/es\/wp-json\/wp\/v2\/types\/post"}],"author":[{"embeddable":true,"href":"https:\/\/www.bestwestern-vannescentre.com\/es\/wp-json\/wp\/v2\/users\/8"}],"replies":[{"embeddable":true,"href":"https:\/\/www.bestwestern-vannescentre.com\/es\/wp-json\/wp\/v2\/comments?post=5203"}],"version-history":[{"count":19,"href":"https:\/\/www.bestwestern-vannescentre.com\/es\/wp-json\/wp\/v2\/posts\/5203\/revisions"}],"predecessor-version":[{"id":6252,"href":"https:\/\/www.bestwestern-vannescentre.com\/es\/wp-json\/wp\/v2\/posts\/5203\/revisions\/6252"}],"wp:featuredmedia":[{"embeddable":true,"href":"https:\/\/www.bestwestern-vannescentre.com\/es\/wp-json\/wp\/v2\/media\/5187"}],"wp:attachment":[{"href":"https:\/\/www.bestwestern-vannescentre.com\/es\/wp-json\/wp\/v2\/media?parent=5203"}],"wp:term":[{"taxonomy":"category","embeddable":true,"href":"https:\/\/www.bestwestern-vannescentre.com\/es\/wp-json\/wp\/v2\/categories?post=5203"},{"taxonomy":"post_tag","embeddable":true,"href":"https:\/\/www.bestwestern-vannescentre.com\/es\/wp-json\/wp\/v2\/tags?post=5203"}],"curies":[{"name":"wp","href":"https:\/\/api.w.org\/{rel}","templated":true}]}}